{"id":100520,"date":"2021-10-05T08:46:09","date_gmt":"2021-10-05T11:46:09","guid":{"rendered":"https:\/\/acs.org.br\/antigo\/?p=100520"},"modified":"2021-10-05T08:46:09","modified_gmt":"2021-10-05T11:46:09","slug":"habitacao-negociacao-de-alugueis-e-marcada-por-troca-de-indice","status":"publish","type":"post","link":"https:\/\/acs.org.br\/academy\/habitacao-negociacao-de-alugueis-e-marcada-por-troca-de-indice\/","title":{"rendered":"HABITA\u00c7\u00c3O: Negocia\u00e7\u00e3o de alugu\u00e9is \u00e9 marcada por troca de \u00edndice"},"content":{"rendered":"<p>Fonte: A Tribuna<\/p>\n<p>A negocia\u00e7\u00e3o tem prevalecido entre locadores e locat\u00e1rios mesmo num cen\u00e1rio de maior abertura econ\u00f4mica, segundo profissionais do setor imobili\u00e1rio. Para o economista Andr\u00e9 Braz, apesar de ser considerado a refer\u00eancia do reajuste do aluguel, o \u00cdndice Geral de Pre\u00e7os ao Mercado (IGP-M), na pr\u00e1tica, vem sendo pouco utilizado.<\/p>\n<p><a href=\"https:\/\/acs.org.br\/antigo\/wp-content\/uploads\/2021\/10\/HABITACAO0510.pdf\">LEIA MAIS&#8230;<\/a><\/p>\n","protected":false},"excerpt":{"rendered":"<p>Fonte: A Tribuna A negocia\u00e7\u00e3o tem prevalecido entre locadores e locat\u00e1rios mesmo num cen\u00e1rio de maior abertura econ\u00f4mica, segundo profissionais do setor imobili\u00e1rio. Para o economista Andr\u00e9 Braz, apesar de ser considerado a refer\u00eancia do reajuste do aluguel, o \u00cdndice Geral de Pre\u00e7os ao Mercado (IGP-M), na pr\u00e1tica, vem sendo pouco utilizado. LEIA MAIS&#8230;<\/p>\n","protected":false},"author":2,"featured_media":0,"comment_status":"open","ping_status":"open","sticky":false,"template":"","format":"standard","meta":{"footnotes":""},"categories":[105],"tags":[],"_links":{"self":[{"href":"https:\/\/acs.org.br\/academy\/wp-json\/wp\/v2\/posts\/100520"}],"collection":[{"href":"https:\/\/acs.org.br\/academy\/wp-json\/wp\/v2\/posts"}],"about":[{"href":"https:\/\/acs.org.br\/academy\/wp-json\/wp\/v2\/types\/post"}],"author":[{"embeddable":true,"href":"https:\/\/acs.org.br\/academy\/wp-json\/wp\/v2\/users\/2"}],"replies":[{"embeddable":true,"href":"https:\/\/acs.org.br\/academy\/wp-json\/wp\/v2\/comments?post=100520"}],"version-history":[{"count":1,"href":"https:\/\/acs.org.br\/academy\/wp-json\/wp\/v2\/posts\/100520\/revisions"}],"predecessor-version":[{"id":100522,"href":"https:\/\/acs.org.br\/academy\/wp-json\/wp\/v2\/posts\/100520\/revisions\/100522"}],"wp:attachment":[{"href":"https:\/\/acs.org.br\/academy\/wp-json\/wp\/v2\/media?parent=100520"}],"wp:term":[{"taxonomy":"category","embeddable":true,"href":"https:\/\/acs.org.br\/academy\/wp-json\/wp\/v2\/categories?post=100520"},{"taxonomy":"post_tag","embeddable":true,"href":"https:\/\/acs.org.br\/academy\/wp-json\/wp\/v2\/tags?post=100520"}],"curies":[{"name":"wp","href":"https:\/\/api.w.org\/{rel}","templated":true}]}}