{"id":100495,"date":"2021-10-04T10:37:23","date_gmt":"2021-10-04T13:37:23","guid":{"rendered":"https:\/\/acs.org.br\/antigo\/?p=100495"},"modified":"2021-10-04T11:36:02","modified_gmt":"2021-10-04T14:36:02","slug":"economia-mercado-financeiro-eleva-estimativas-de-inflacao-para-2021-e-2022","status":"publish","type":"post","link":"https:\/\/acs.org.br\/academy\/economia-mercado-financeiro-eleva-estimativas-de-inflacao-para-2021-e-2022\/","title":{"rendered":"ECONOMIA: Mercado financeiro eleva estimativas de infla\u00e7\u00e3o para 2021 e 2022"},"content":{"rendered":"<p>Fonte: G1<\/p>\n<p>O mercado financeiro elevou as estimativas para o \u00cdndice de Pre\u00e7os ao Consumidor Amplo (IPCA), a infla\u00e7\u00e3o oficial do pa\u00eds, para os anos de 2021 e 2022.<\/p>\n<p><a href=\"https:\/\/g1.globo.com\/economia\/noticia\/2021\/10\/04\/mercado-financeiro-eleva-estimativa-de-inflacao-para-2021-e-2022.ghtml\">LEIA MAIS&#8230;<\/a><\/p>\n<p>&nbsp;<\/p>\n","protected":false},"excerpt":{"rendered":"<p>Fonte: G1 O mercado financeiro elevou as estimativas para o \u00cdndice de Pre\u00e7os ao Consumidor Amplo (IPCA), a infla\u00e7\u00e3o oficial do pa\u00eds, para os anos de 2021 e 2022. LEIA MAIS&#8230; &nbsp;<\/p>\n","protected":false},"author":3,"featured_media":0,"comment_status":"open","ping_status":"open","sticky":false,"template":"","format":"standard","meta":{"footnotes":""},"categories":[105],"tags":[],"_links":{"self":[{"href":"https:\/\/acs.org.br\/academy\/wp-json\/wp\/v2\/posts\/100495"}],"collection":[{"href":"https:\/\/acs.org.br\/academy\/wp-json\/wp\/v2\/posts"}],"about":[{"href":"https:\/\/acs.org.br\/academy\/wp-json\/wp\/v2\/types\/post"}],"author":[{"embeddable":true,"href":"https:\/\/acs.org.br\/academy\/wp-json\/wp\/v2\/users\/3"}],"replies":[{"embeddable":true,"href":"https:\/\/acs.org.br\/academy\/wp-json\/wp\/v2\/comments?post=100495"}],"version-history":[{"count":1,"href":"https:\/\/acs.org.br\/academy\/wp-json\/wp\/v2\/posts\/100495\/revisions"}],"predecessor-version":[{"id":100497,"href":"https:\/\/acs.org.br\/academy\/wp-json\/wp\/v2\/posts\/100495\/revisions\/100497"}],"wp:attachment":[{"href":"https:\/\/acs.org.br\/academy\/wp-json\/wp\/v2\/media?parent=100495"}],"wp:term":[{"taxonomy":"category","embeddable":true,"href":"https:\/\/acs.org.br\/academy\/wp-json\/wp\/v2\/categories?post=100495"},{"taxonomy":"post_tag","embeddable":true,"href":"https:\/\/acs.org.br\/academy\/wp-json\/wp\/v2\/tags?post=100495"}],"curies":[{"name":"wp","href":"https:\/\/api.w.org\/{rel}","templated":true}]}}