{"id":100491,"date":"2021-10-04T10:30:23","date_gmt":"2021-10-04T13:30:23","guid":{"rendered":"https:\/\/acs.org.br\/antigo\/?p=100491"},"modified":"2021-10-04T10:30:23","modified_gmt":"2021-10-04T13:30:23","slug":"economia-lideres-da-camara-analisam-o-preco-de-combustiveis-nesta-segunda-feira-4","status":"publish","type":"post","link":"https:\/\/acs.org.br\/academy\/economia-lideres-da-camara-analisam-o-preco-de-combustiveis-nesta-segunda-feira-4\/","title":{"rendered":"ECONOMIA: L\u00edderes da C\u00e2mara analisam o pre\u00e7o de combust\u00edveis nesta segunda-feira (4)"},"content":{"rendered":"<p>Fonte: CNN Brasil<\/p>\n<p>O pre\u00e7o dos combust\u00edveis segue mobilizando discuss\u00f5es em Bras\u00edlia. L\u00edderes partid\u00e1rios voltam a discutir o tema nesta segunda-feira (4) com o presidente da C\u00e2mara, o deputado Arthur Lira (PP-AL).<\/p>\n<p><a href=\"https:\/\/www.cnnbrasil.com.br\/business\/lideres-da-camara-analisam-o-preco-de-combustiveis-nesta-segunda-feira-4\/\">LEIA MAIS&#8230;<\/a><\/p>\n","protected":false},"excerpt":{"rendered":"<p>Fonte: CNN Brasil O pre\u00e7o dos combust\u00edveis segue mobilizando discuss\u00f5es em Bras\u00edlia. L\u00edderes partid\u00e1rios voltam a discutir o tema nesta segunda-feira (4) com o presidente da C\u00e2mara, o deputado Arthur Lira (PP-AL). LEIA MAIS&#8230;<\/p>\n","protected":false},"author":3,"featured_media":0,"comment_status":"open","ping_status":"open","sticky":false,"template":"","format":"standard","meta":{"footnotes":""},"categories":[105],"tags":[],"_links":{"self":[{"href":"https:\/\/acs.org.br\/academy\/wp-json\/wp\/v2\/posts\/100491"}],"collection":[{"href":"https:\/\/acs.org.br\/academy\/wp-json\/wp\/v2\/posts"}],"about":[{"href":"https:\/\/acs.org.br\/academy\/wp-json\/wp\/v2\/types\/post"}],"author":[{"embeddable":true,"href":"https:\/\/acs.org.br\/academy\/wp-json\/wp\/v2\/users\/3"}],"replies":[{"embeddable":true,"href":"https:\/\/acs.org.br\/academy\/wp-json\/wp\/v2\/comments?post=100491"}],"version-history":[{"count":1,"href":"https:\/\/acs.org.br\/academy\/wp-json\/wp\/v2\/posts\/100491\/revisions"}],"predecessor-version":[{"id":100492,"href":"https:\/\/acs.org.br\/academy\/wp-json\/wp\/v2\/posts\/100491\/revisions\/100492"}],"wp:attachment":[{"href":"https:\/\/acs.org.br\/academy\/wp-json\/wp\/v2\/media?parent=100491"}],"wp:term":[{"taxonomy":"category","embeddable":true,"href":"https:\/\/acs.org.br\/academy\/wp-json\/wp\/v2\/categories?post=100491"},{"taxonomy":"post_tag","embeddable":true,"href":"https:\/\/acs.org.br\/academy\/wp-json\/wp\/v2\/tags?post=100491"}],"curies":[{"name":"wp","href":"https:\/\/api.w.org\/{rel}","templated":true}]}}