{"id":100483,"date":"2021-10-04T10:09:38","date_gmt":"2021-10-04T13:09:38","guid":{"rendered":"https:\/\/acs.org.br\/antigo\/?p=100483"},"modified":"2021-10-04T10:10:17","modified_gmt":"2021-10-04T13:10:17","slug":"cafe-cultura-do-cafe-se-curva-a-presenca-feminina","status":"publish","type":"post","link":"https:\/\/acs.org.br\/academy\/cafe-cultura-do-cafe-se-curva-a-presenca-feminina\/","title":{"rendered":"CAF\u00c9: Cultura do caf\u00e9 se curva \u00e0 presen\u00e7a feminina"},"content":{"rendered":"<p>Fonte: A Tribuna<\/p>\n<p>H\u00e1 cerca de 100 anos era proibida a presen\u00e7a de mulheres na Bolsa do Caf\u00e9, localizada no cora\u00e7\u00e3o da Rua XV de Novembro, no Centro Hist\u00f3rico de Santos.<\/p>\n<p><a href=\"https:\/\/acs.org.br\/antigo\/wp-content\/uploads\/2021\/10\/CULTURACAFE-02.pdf\">LEIA MAIS&#8230;<\/a><\/p>\n","protected":false},"excerpt":{"rendered":"<p>Fonte: A Tribuna H\u00e1 cerca de 100 anos era proibida a presen\u00e7a de mulheres na Bolsa do Caf\u00e9, localizada no cora\u00e7\u00e3o da Rua XV de Novembro, no Centro Hist\u00f3rico de Santos. LEIA MAIS&#8230;<\/p>\n","protected":false},"author":3,"featured_media":100485,"comment_status":"open","ping_status":"open","sticky":false,"template":"","format":"standard","meta":{"footnotes":""},"categories":[105],"tags":[],"_links":{"self":[{"href":"https:\/\/acs.org.br\/academy\/wp-json\/wp\/v2\/posts\/100483"}],"collection":[{"href":"https:\/\/acs.org.br\/academy\/wp-json\/wp\/v2\/posts"}],"about":[{"href":"https:\/\/acs.org.br\/academy\/wp-json\/wp\/v2\/types\/post"}],"author":[{"embeddable":true,"href":"https:\/\/acs.org.br\/academy\/wp-json\/wp\/v2\/users\/3"}],"replies":[{"embeddable":true,"href":"https:\/\/acs.org.br\/academy\/wp-json\/wp\/v2\/comments?post=100483"}],"version-history":[{"count":2,"href":"https:\/\/acs.org.br\/academy\/wp-json\/wp\/v2\/posts\/100483\/revisions"}],"predecessor-version":[{"id":100487,"href":"https:\/\/acs.org.br\/academy\/wp-json\/wp\/v2\/posts\/100483\/revisions\/100487"}],"wp:featuredmedia":[{"embeddable":true,"href":"https:\/\/acs.org.br\/academy\/wp-json\/wp\/v2\/media\/100485"}],"wp:attachment":[{"href":"https:\/\/acs.org.br\/academy\/wp-json\/wp\/v2\/media?parent=100483"}],"wp:term":[{"taxonomy":"category","embeddable":true,"href":"https:\/\/acs.org.br\/academy\/wp-json\/wp\/v2\/categories?post=100483"},{"taxonomy":"post_tag","embeddable":true,"href":"https:\/\/acs.org.br\/academy\/wp-json\/wp\/v2\/tags?post=100483"}],"curies":[{"name":"wp","href":"https:\/\/api.w.org\/{rel}","templated":true}]}}