{"id":100481,"date":"2021-10-04T10:07:01","date_gmt":"2021-10-04T13:07:01","guid":{"rendered":"https:\/\/acs.org.br\/antigo\/?p=100481"},"modified":"2021-10-04T10:07:01","modified_gmt":"2021-10-04T13:07:01","slug":"cafe-com-custo-maritimo-alto-cafe-especial-do-brasil-viaja-de-aviao","status":"publish","type":"post","link":"https:\/\/acs.org.br\/academy\/cafe-com-custo-maritimo-alto-cafe-especial-do-brasil-viaja-de-aviao\/","title":{"rendered":"CAF\u00c9: Com custo mar\u00edtimo alto, caf\u00e9 especial do Brasil viaja de avi\u00e3o"},"content":{"rendered":"<p>Fonte: \u00a0UOL \/ Estad\u00e3o conte\u00fado<\/p>\n<p>Com dificuldade para exportar caf\u00e9 por causa do frete mar\u00edtimo, exportadores t\u00eam recorrido a outro meio de transporte, bem mais caro: o avi\u00e3o. Embora continue sendo uma via de exporta\u00e7\u00e3o pontual e represente uma parcela pequena do total embarcado, a modalidade mais do que dobrou em 2021, ante 2020.<\/p>\n<p><a href=\"https:\/\/economia.uol.com.br\/noticias\/estadao-conteudo\/2021\/10\/02\/com-custo-maritimo-alto-cafe-especial-do-brasil-viaja-de-aviao.htm?cmpid=copiaecola\">LEIA MAIS&#8230;<\/a><\/p>\n<p>&nbsp;<\/p>\n","protected":false},"excerpt":{"rendered":"<p>Fonte: \u00a0UOL \/ Estad\u00e3o conte\u00fado Com dificuldade para exportar caf\u00e9 por causa do frete mar\u00edtimo, exportadores t\u00eam recorrido a outro meio de transporte, bem mais caro: o avi\u00e3o. Embora continue sendo uma via de exporta\u00e7\u00e3o pontual e represente uma parcela pequena do total embarcado, a modalidade mais do que dobrou em 2021, ante 2020. LEIA [&hellip;]<\/p>\n","protected":false},"author":3,"featured_media":0,"comment_status":"open","ping_status":"open","sticky":false,"template":"","format":"standard","meta":{"footnotes":""},"categories":[105],"tags":[],"_links":{"self":[{"href":"https:\/\/acs.org.br\/academy\/wp-json\/wp\/v2\/posts\/100481"}],"collection":[{"href":"https:\/\/acs.org.br\/academy\/wp-json\/wp\/v2\/posts"}],"about":[{"href":"https:\/\/acs.org.br\/academy\/wp-json\/wp\/v2\/types\/post"}],"author":[{"embeddable":true,"href":"https:\/\/acs.org.br\/academy\/wp-json\/wp\/v2\/users\/3"}],"replies":[{"embeddable":true,"href":"https:\/\/acs.org.br\/academy\/wp-json\/wp\/v2\/comments?post=100481"}],"version-history":[{"count":1,"href":"https:\/\/acs.org.br\/academy\/wp-json\/wp\/v2\/posts\/100481\/revisions"}],"predecessor-version":[{"id":100482,"href":"https:\/\/acs.org.br\/academy\/wp-json\/wp\/v2\/posts\/100481\/revisions\/100482"}],"wp:attachment":[{"href":"https:\/\/acs.org.br\/academy\/wp-json\/wp\/v2\/media?parent=100481"}],"wp:term":[{"taxonomy":"category","embeddable":true,"href":"https:\/\/acs.org.br\/academy\/wp-json\/wp\/v2\/categories?post=100481"},{"taxonomy":"post_tag","embeddable":true,"href":"https:\/\/acs.org.br\/academy\/wp-json\/wp\/v2\/tags?post=100481"}],"curies":[{"name":"wp","href":"https:\/\/api.w.org\/{rel}","templated":true}]}}