{"id":100472,"date":"2021-10-04T09:59:24","date_gmt":"2021-10-04T12:59:24","guid":{"rendered":"https:\/\/acs.org.br\/antigo\/?p=100472"},"modified":"2021-10-04T09:59:41","modified_gmt":"2021-10-04T12:59:41","slug":"porto-perimetral-do-guaruja-avanca","status":"publish","type":"post","link":"https:\/\/acs.org.br\/academy\/porto-perimetral-do-guaruja-avanca\/","title":{"rendered":"PORTO: Perimetral do Guaruj\u00e1 avan\u00e7a"},"content":{"rendered":"<p>Fonte: A Tribuna<\/p>\n<p>O processo de implanta\u00e7\u00e3o da segunda fase da Avenida Perimetral da Margem esquerda (Guaruj\u00e1) do Porto de Santos avan\u00e7ou.<\/p>\n<p><a href=\"https:\/\/acs.org.br\/antigo\/wp-content\/uploads\/2021\/10\/PERIMETRAL-04.pdf\">LEIA MAIS&#8230;<\/a><\/p>\n","protected":false},"excerpt":{"rendered":"<p>Fonte: A Tribuna O processo de implanta\u00e7\u00e3o da segunda fase da Avenida Perimetral da Margem esquerda (Guaruj\u00e1) do Porto de Santos avan\u00e7ou. LEIA MAIS&#8230;<\/p>\n","protected":false},"author":3,"featured_media":0,"comment_status":"open","ping_status":"open","sticky":false,"template":"","format":"standard","meta":{"footnotes":""},"categories":[105],"tags":[],"_links":{"self":[{"href":"https:\/\/acs.org.br\/academy\/wp-json\/wp\/v2\/posts\/100472"}],"collection":[{"href":"https:\/\/acs.org.br\/academy\/wp-json\/wp\/v2\/posts"}],"about":[{"href":"https:\/\/acs.org.br\/academy\/wp-json\/wp\/v2\/types\/post"}],"author":[{"embeddable":true,"href":"https:\/\/acs.org.br\/academy\/wp-json\/wp\/v2\/users\/3"}],"replies":[{"embeddable":true,"href":"https:\/\/acs.org.br\/academy\/wp-json\/wp\/v2\/comments?post=100472"}],"version-history":[{"count":2,"href":"https:\/\/acs.org.br\/academy\/wp-json\/wp\/v2\/posts\/100472\/revisions"}],"predecessor-version":[{"id":100475,"href":"https:\/\/acs.org.br\/academy\/wp-json\/wp\/v2\/posts\/100472\/revisions\/100475"}],"wp:attachment":[{"href":"https:\/\/acs.org.br\/academy\/wp-json\/wp\/v2\/media?parent=100472"}],"wp:term":[{"taxonomy":"category","embeddable":true,"href":"https:\/\/acs.org.br\/academy\/wp-json\/wp\/v2\/categories?post=100472"},{"taxonomy":"post_tag","embeddable":true,"href":"https:\/\/acs.org.br\/academy\/wp-json\/wp\/v2\/tags?post=100472"}],"curies":[{"name":"wp","href":"https:\/\/api.w.org\/{rel}","templated":true}]}}