{"id":100457,"date":"2021-10-01T10:18:52","date_gmt":"2021-10-01T13:18:52","guid":{"rendered":"https:\/\/acs.org.br\/antigo\/?p=100457"},"modified":"2021-10-01T11:28:45","modified_gmt":"2021-10-01T14:28:45","slug":"cafe-premio-de-cafe-da-abic-inaugura-categoria-de-sustentabilidade","status":"publish","type":"post","link":"https:\/\/acs.org.br\/academy\/cafe-premio-de-cafe-da-abic-inaugura-categoria-de-sustentabilidade\/","title":{"rendered":"CAF\u00c9: Pr\u00eamio de caf\u00e9 da Abic inaugura categoria de sustentabilidade"},"content":{"rendered":"<p>Fonte: Globo Rurall<\/p>\n<p>A Associa\u00e7\u00e3o Brasileira da Ind\u00fastria de Caf\u00e9 (ABIC) realiza nesta sexta-feira (01\/10), a partir das 16h, a premia\u00e7\u00e3o Melhores da Qualidade 2020\/2021. Objetivo \u00e9 eleger os melhores profissionais da ind\u00fastria. Realizado na data em que se comemora o Dia Internacional do Caf\u00e9, o pr\u00eamio inaugura uma nova categoria: sustentabilidade.<\/p>\n<p><a href=\"https:\/\/revistagloborural.globo.com\/Noticias\/Agricultura\/Cafe\/noticia\/2021\/10\/premio-de-cafe-da-abic-inaugura-categoria-de-sustentabilidade.html\">LEIA MAIS&#8230;<\/a><\/p>\n<p>&nbsp;<\/p>\n","protected":false},"excerpt":{"rendered":"<p>Fonte: Globo Rurall A Associa\u00e7\u00e3o Brasileira da Ind\u00fastria de Caf\u00e9 (ABIC) realiza nesta sexta-feira (01\/10), a partir das 16h, a premia\u00e7\u00e3o Melhores da Qualidade 2020\/2021. Objetivo \u00e9 eleger os melhores profissionais da ind\u00fastria. Realizado na data em que se comemora o Dia Internacional do Caf\u00e9, o pr\u00eamio inaugura uma nova categoria: sustentabilidade. LEIA MAIS&#8230; &nbsp;<\/p>\n","protected":false},"author":3,"featured_media":100459,"comment_status":"open","ping_status":"open","sticky":false,"template":"","format":"standard","meta":{"footnotes":""},"categories":[105],"tags":[],"_links":{"self":[{"href":"https:\/\/acs.org.br\/academy\/wp-json\/wp\/v2\/posts\/100457"}],"collection":[{"href":"https:\/\/acs.org.br\/academy\/wp-json\/wp\/v2\/posts"}],"about":[{"href":"https:\/\/acs.org.br\/academy\/wp-json\/wp\/v2\/types\/post"}],"author":[{"embeddable":true,"href":"https:\/\/acs.org.br\/academy\/wp-json\/wp\/v2\/users\/3"}],"replies":[{"embeddable":true,"href":"https:\/\/acs.org.br\/academy\/wp-json\/wp\/v2\/comments?post=100457"}],"version-history":[{"count":2,"href":"https:\/\/acs.org.br\/academy\/wp-json\/wp\/v2\/posts\/100457\/revisions"}],"predecessor-version":[{"id":100462,"href":"https:\/\/acs.org.br\/academy\/wp-json\/wp\/v2\/posts\/100457\/revisions\/100462"}],"wp:featuredmedia":[{"embeddable":true,"href":"https:\/\/acs.org.br\/academy\/wp-json\/wp\/v2\/media\/100459"}],"wp:attachment":[{"href":"https:\/\/acs.org.br\/academy\/wp-json\/wp\/v2\/media?parent=100457"}],"wp:term":[{"taxonomy":"category","embeddable":true,"href":"https:\/\/acs.org.br\/academy\/wp-json\/wp\/v2\/categories?post=100457"},{"taxonomy":"post_tag","embeddable":true,"href":"https:\/\/acs.org.br\/academy\/wp-json\/wp\/v2\/tags?post=100457"}],"curies":[{"name":"wp","href":"https:\/\/api.w.org\/{rel}","templated":true}]}}