{"id":100455,"date":"2021-10-01T10:11:09","date_gmt":"2021-10-01T13:11:09","guid":{"rendered":"https:\/\/acs.org.br\/antigo\/?p=100455"},"modified":"2021-10-01T10:11:09","modified_gmt":"2021-10-01T13:11:09","slug":"cafe-5-paises-de-diferentes-continentes-recebem-acoes-que-valorizam-a-producao-brasileira-de-cafe","status":"publish","type":"post","link":"https:\/\/acs.org.br\/academy\/cafe-5-paises-de-diferentes-continentes-recebem-acoes-que-valorizam-a-producao-brasileira-de-cafe\/","title":{"rendered":"CAF\u00c9: 5 pa\u00edses de diferentes continentes recebem a\u00e7\u00f5es que valorizam a produ\u00e7\u00e3o brasileira de caf\u00e9"},"content":{"rendered":"<p>Fonte: Caf\u00e9 Point<\/p>\n<p>Para fortalecer a imagem sustent\u00e1vel e de qualidade da cafeicultura brasileira em importantes mercados mundiais, o Conselho dos Exportadores de Caf\u00e9 do Brasil (Cecaf\u00e9) promove uma s\u00e9rie de a\u00e7\u00f5es no Dia Internacional do Caf\u00e9, 1\u00ba de outubro, na China, Ar\u00e1bia Saudita, It\u00e1lia, Austr\u00e1lia e Estados Unidos. As iniciativas incluem degusta\u00e7\u00e3o da bebida, exposi\u00e7\u00e3o e palestras focadas nos respeitos ambiental, social e econ\u00f4mico da atividade cafeeira nacional.<\/p>\n<p><a href=\"https:\/\/www.cafepoint.com.br\/noticias\/giro-de-noticias\/acoes-em-5-paises-227478\/\">LEIA MAIS&#8230;<\/a><\/p>\n<p>&nbsp;<\/p>\n","protected":false},"excerpt":{"rendered":"<p>Fonte: Caf\u00e9 Point Para fortalecer a imagem sustent\u00e1vel e de qualidade da cafeicultura brasileira em importantes mercados mundiais, o Conselho dos Exportadores de Caf\u00e9 do Brasil (Cecaf\u00e9) promove uma s\u00e9rie de a\u00e7\u00f5es no Dia Internacional do Caf\u00e9, 1\u00ba de outubro, na China, Ar\u00e1bia Saudita, It\u00e1lia, Austr\u00e1lia e Estados Unidos. As iniciativas incluem degusta\u00e7\u00e3o da bebida, [&hellip;]<\/p>\n","protected":false},"author":3,"featured_media":0,"comment_status":"open","ping_status":"open","sticky":false,"template":"","format":"standard","meta":{"footnotes":""},"categories":[105],"tags":[],"_links":{"self":[{"href":"https:\/\/acs.org.br\/academy\/wp-json\/wp\/v2\/posts\/100455"}],"collection":[{"href":"https:\/\/acs.org.br\/academy\/wp-json\/wp\/v2\/posts"}],"about":[{"href":"https:\/\/acs.org.br\/academy\/wp-json\/wp\/v2\/types\/post"}],"author":[{"embeddable":true,"href":"https:\/\/acs.org.br\/academy\/wp-json\/wp\/v2\/users\/3"}],"replies":[{"embeddable":true,"href":"https:\/\/acs.org.br\/academy\/wp-json\/wp\/v2\/comments?post=100455"}],"version-history":[{"count":1,"href":"https:\/\/acs.org.br\/academy\/wp-json\/wp\/v2\/posts\/100455\/revisions"}],"predecessor-version":[{"id":100456,"href":"https:\/\/acs.org.br\/academy\/wp-json\/wp\/v2\/posts\/100455\/revisions\/100456"}],"wp:attachment":[{"href":"https:\/\/acs.org.br\/academy\/wp-json\/wp\/v2\/media?parent=100455"}],"wp:term":[{"taxonomy":"category","embeddable":true,"href":"https:\/\/acs.org.br\/academy\/wp-json\/wp\/v2\/categories?post=100455"},{"taxonomy":"post_tag","embeddable":true,"href":"https:\/\/acs.org.br\/academy\/wp-json\/wp\/v2\/tags?post=100455"}],"curies":[{"name":"wp","href":"https:\/\/api.w.org\/{rel}","templated":true}]}}