{"id":100452,"date":"2021-10-01T10:09:54","date_gmt":"2021-10-01T13:09:54","guid":{"rendered":"https:\/\/acs.org.br\/antigo\/?p=100452"},"modified":"2021-10-01T10:09:54","modified_gmt":"2021-10-01T13:09:54","slug":"saude-setembro-termina-como-o-mes-com-menos-mortes-por-covid-em-2021-no-pais-foram-16-275-vitimas","status":"publish","type":"post","link":"https:\/\/acs.org.br\/academy\/saude-setembro-termina-como-o-mes-com-menos-mortes-por-covid-em-2021-no-pais-foram-16-275-vitimas\/","title":{"rendered":"SA\u00daDE: Setembro termina como o m\u00eas com menos mortes por Covid em 2021 no pa\u00eds; foram 16.275 v\u00edtimas"},"content":{"rendered":"<p>Fonte: G1<\/p>\n<p>O Brasil registrou nesta quinta-feira (30) 637 mortes por Covid-19 nas \u00faltimas 24 horas, com o total de \u00f3bitos chegando a 596.800 desde o in\u00edcio da pandemia.<\/p>\n<p><a href=\"https:\/\/g1.globo.com\/saude\/coronavirus\/noticia\/2021\/09\/30\/setembro-termina-como-o-mes-com-menos-mortes-por-covid-em-2021-no-pais-foram-16275-vitimas.ghtml\">LEIA MAIS&#8230;<\/a><\/p>\n<p>&nbsp;<\/p>\n","protected":false},"excerpt":{"rendered":"<p>Fonte: G1 O Brasil registrou nesta quinta-feira (30) 637 mortes por Covid-19 nas \u00faltimas 24 horas, com o total de \u00f3bitos chegando a 596.800 desde o in\u00edcio da pandemia. LEIA MAIS&#8230; &nbsp;<\/p>\n","protected":false},"author":3,"featured_media":100453,"comment_status":"open","ping_status":"open","sticky":false,"template":"","format":"standard","meta":{"footnotes":""},"categories":[105],"tags":[],"_links":{"self":[{"href":"https:\/\/acs.org.br\/academy\/wp-json\/wp\/v2\/posts\/100452"}],"collection":[{"href":"https:\/\/acs.org.br\/academy\/wp-json\/wp\/v2\/posts"}],"about":[{"href":"https:\/\/acs.org.br\/academy\/wp-json\/wp\/v2\/types\/post"}],"author":[{"embeddable":true,"href":"https:\/\/acs.org.br\/academy\/wp-json\/wp\/v2\/users\/3"}],"replies":[{"embeddable":true,"href":"https:\/\/acs.org.br\/academy\/wp-json\/wp\/v2\/comments?post=100452"}],"version-history":[{"count":1,"href":"https:\/\/acs.org.br\/academy\/wp-json\/wp\/v2\/posts\/100452\/revisions"}],"predecessor-version":[{"id":100454,"href":"https:\/\/acs.org.br\/academy\/wp-json\/wp\/v2\/posts\/100452\/revisions\/100454"}],"wp:featuredmedia":[{"embeddable":true,"href":"https:\/\/acs.org.br\/academy\/wp-json\/wp\/v2\/media\/100453"}],"wp:attachment":[{"href":"https:\/\/acs.org.br\/academy\/wp-json\/wp\/v2\/media?parent=100452"}],"wp:term":[{"taxonomy":"category","embeddable":true,"href":"https:\/\/acs.org.br\/academy\/wp-json\/wp\/v2\/categories?post=100452"},{"taxonomy":"post_tag","embeddable":true,"href":"https:\/\/acs.org.br\/academy\/wp-json\/wp\/v2\/tags?post=100452"}],"curies":[{"name":"wp","href":"https:\/\/api.w.org\/{rel}","templated":true}]}}