{"id":100450,"date":"2021-10-01T10:06:11","date_gmt":"2021-10-01T13:06:11","guid":{"rendered":"https:\/\/acs.org.br\/antigo\/?p=100450"},"modified":"2021-10-01T10:06:11","modified_gmt":"2021-10-01T13:06:11","slug":"politica-bolsonaro-lira-e-guedes-se-reunem-no-alvorada-para-discutir-preco-dos-combustiveis","status":"publish","type":"post","link":"https:\/\/acs.org.br\/academy\/politica-bolsonaro-lira-e-guedes-se-reunem-no-alvorada-para-discutir-preco-dos-combustiveis\/","title":{"rendered":"POL\u00cdTICA: Bolsonaro, Lira e Guedes se re\u00fanem no Alvorada para discutir pre\u00e7o dos combust\u00edveis"},"content":{"rendered":"<p>Fonte: G1<\/p>\n<p>O presidente Jair Bolsonaro se reuniu nesta sexta-feira (1\u00ba) no Pal\u00e1cio da Alvorada, resid\u00eancia oficial da Presid\u00eancia, com o presidente da C\u00e2mara, Arthur Lira (PP-AL), e o ministro da Economia, Paulo Guedes.<\/p>\n<p><a href=\"https:\/\/g1.globo.com\/politica\/noticia\/2021\/10\/01\/bolsonaro-lira-e-guedes-se-reunem-no-alvorada-para-discutir-preco-dos-combustiveis.ghtml\">LEIA MAIS&#8230;<\/a><\/p>\n<p>&nbsp;<\/p>\n","protected":false},"excerpt":{"rendered":"<p>Fonte: G1 O presidente Jair Bolsonaro se reuniu nesta sexta-feira (1\u00ba) no Pal\u00e1cio da Alvorada, resid\u00eancia oficial da Presid\u00eancia, com o presidente da C\u00e2mara, Arthur Lira (PP-AL), e o ministro da Economia, Paulo Guedes. LEIA MAIS&#8230; &nbsp;<\/p>\n","protected":false},"author":3,"featured_media":0,"comment_status":"open","ping_status":"open","sticky":false,"template":"","format":"standard","meta":{"footnotes":""},"categories":[105],"tags":[],"_links":{"self":[{"href":"https:\/\/acs.org.br\/academy\/wp-json\/wp\/v2\/posts\/100450"}],"collection":[{"href":"https:\/\/acs.org.br\/academy\/wp-json\/wp\/v2\/posts"}],"about":[{"href":"https:\/\/acs.org.br\/academy\/wp-json\/wp\/v2\/types\/post"}],"author":[{"embeddable":true,"href":"https:\/\/acs.org.br\/academy\/wp-json\/wp\/v2\/users\/3"}],"replies":[{"embeddable":true,"href":"https:\/\/acs.org.br\/academy\/wp-json\/wp\/v2\/comments?post=100450"}],"version-history":[{"count":1,"href":"https:\/\/acs.org.br\/academy\/wp-json\/wp\/v2\/posts\/100450\/revisions"}],"predecessor-version":[{"id":100451,"href":"https:\/\/acs.org.br\/academy\/wp-json\/wp\/v2\/posts\/100450\/revisions\/100451"}],"wp:attachment":[{"href":"https:\/\/acs.org.br\/academy\/wp-json\/wp\/v2\/media?parent=100450"}],"wp:term":[{"taxonomy":"category","embeddable":true,"href":"https:\/\/acs.org.br\/academy\/wp-json\/wp\/v2\/categories?post=100450"},{"taxonomy":"post_tag","embeddable":true,"href":"https:\/\/acs.org.br\/academy\/wp-json\/wp\/v2\/tags?post=100450"}],"curies":[{"name":"wp","href":"https:\/\/api.w.org\/{rel}","templated":true}]}}