{"id":100443,"date":"2021-10-01T10:02:11","date_gmt":"2021-10-01T13:02:11","guid":{"rendered":"https:\/\/acs.org.br\/antigo\/?p=100443"},"modified":"2021-10-01T10:02:11","modified_gmt":"2021-10-01T13:02:11","slug":"economia-governo-brasileiro-apresenta-na-omc-nova-plataforma-de-internacionalizacao-de-pequenos-negocios","status":"publish","type":"post","link":"https:\/\/acs.org.br\/academy\/economia-governo-brasileiro-apresenta-na-omc-nova-plataforma-de-internacionalizacao-de-pequenos-negocios\/","title":{"rendered":"ECONOMIA: Governo brasileiro apresenta na OMC nova plataforma de internacionaliza\u00e7\u00e3o de pequenos neg\u00f3cios"},"content":{"rendered":"<p>Fonte: Ag\u00eancia Porto<\/p>\n<p>O Minist\u00e9rio da Economia e o Minist\u00e9rio das Rela\u00e7\u00f5es Exteriores apresentaram a plataforma Global Trade Hub, em reuni\u00e3o do Grupo de Trabalho Informal sobre Micro, Pequenas e M\u00e9dias Empresas (GT-MPMEs) da Organiza\u00e7\u00e3o Mundial do Com\u00e9rcio (OMC), na \u00faltima sexta-feira (24\/9). A reuni\u00e3o contou com a participa\u00e7\u00e3o de 52 pa\u00edses membros da organiza\u00e7\u00e3o.<\/p>\n<p><a href=\"http:\/\/agenciaporto.com\/governo-brasileiro-apresenta-na-omc-nova-plataforma-de-internacionalizacao-de-pequenos-negocios\/\">LEIA MAIS&#8230;<\/a><\/p>\n<p>&nbsp;<\/p>\n","protected":false},"excerpt":{"rendered":"<p>Fonte: Ag\u00eancia Porto O Minist\u00e9rio da Economia e o Minist\u00e9rio das Rela\u00e7\u00f5es Exteriores apresentaram a plataforma Global Trade Hub, em reuni\u00e3o do Grupo de Trabalho Informal sobre Micro, Pequenas e M\u00e9dias Empresas (GT-MPMEs) da Organiza\u00e7\u00e3o Mundial do Com\u00e9rcio (OMC), na \u00faltima sexta-feira (24\/9). A reuni\u00e3o contou com a participa\u00e7\u00e3o de 52 pa\u00edses membros da organiza\u00e7\u00e3o. [&hellip;]<\/p>\n","protected":false},"author":3,"featured_media":0,"comment_status":"open","ping_status":"open","sticky":false,"template":"","format":"standard","meta":{"footnotes":""},"categories":[105],"tags":[],"_links":{"self":[{"href":"https:\/\/acs.org.br\/academy\/wp-json\/wp\/v2\/posts\/100443"}],"collection":[{"href":"https:\/\/acs.org.br\/academy\/wp-json\/wp\/v2\/posts"}],"about":[{"href":"https:\/\/acs.org.br\/academy\/wp-json\/wp\/v2\/types\/post"}],"author":[{"embeddable":true,"href":"https:\/\/acs.org.br\/academy\/wp-json\/wp\/v2\/users\/3"}],"replies":[{"embeddable":true,"href":"https:\/\/acs.org.br\/academy\/wp-json\/wp\/v2\/comments?post=100443"}],"version-history":[{"count":1,"href":"https:\/\/acs.org.br\/academy\/wp-json\/wp\/v2\/posts\/100443\/revisions"}],"predecessor-version":[{"id":100444,"href":"https:\/\/acs.org.br\/academy\/wp-json\/wp\/v2\/posts\/100443\/revisions\/100444"}],"wp:attachment":[{"href":"https:\/\/acs.org.br\/academy\/wp-json\/wp\/v2\/media?parent=100443"}],"wp:term":[{"taxonomy":"category","embeddable":true,"href":"https:\/\/acs.org.br\/academy\/wp-json\/wp\/v2\/categories?post=100443"},{"taxonomy":"post_tag","embeddable":true,"href":"https:\/\/acs.org.br\/academy\/wp-json\/wp\/v2\/tags?post=100443"}],"curies":[{"name":"wp","href":"https:\/\/api.w.org\/{rel}","templated":true}]}}