{"id":100441,"date":"2021-10-01T10:01:35","date_gmt":"2021-10-01T13:01:35","guid":{"rendered":"https:\/\/acs.org.br\/antigo\/?p=100441"},"modified":"2021-10-01T10:01:35","modified_gmt":"2021-10-01T13:01:35","slug":"infraestrutura-marco-legal-das-ferrovias-sera-votado-na-terca","status":"publish","type":"post","link":"https:\/\/acs.org.br\/academy\/infraestrutura-marco-legal-das-ferrovias-sera-votado-na-terca\/","title":{"rendered":"INFRAESTRUTURA: Marco legal das ferrovias ser\u00e1 votado na ter\u00e7a"},"content":{"rendered":"<p>Fonte: Ag\u00eancia Porto<\/p>\n<p>O presidente do Senado, Rodrigo Pacheco, informou que o novo marco legal das ferrovias ser\u00e1 votado na pr\u00f3xima ter\u00e7a-feira (5). O substitutivo ao projeto (PLS 261\/2018) estava previsto para ser votado nesta quarta-feira (29), mas teve sua vota\u00e7\u00e3o adiada. O relator, senador Jean Paul Prates (PT-RN), leu seu relat\u00f3rio e disse que a mat\u00e9ria tem tudo para modernizar o setor e atrair novos investimentos. O texto original \u00e9 do senador licenciado Jos\u00e9 Serra (PSDB-SP).<\/p>\n<p><a href=\"http:\/\/agenciaporto.com\/marco-legal-das-ferrovias-sera-votado-na-terca\/\">LEIA MAIS&#8230;<\/a><\/p>\n<p>&nbsp;<\/p>\n","protected":false},"excerpt":{"rendered":"<p>Fonte: Ag\u00eancia Porto O presidente do Senado, Rodrigo Pacheco, informou que o novo marco legal das ferrovias ser\u00e1 votado na pr\u00f3xima ter\u00e7a-feira (5). O substitutivo ao projeto (PLS 261\/2018) estava previsto para ser votado nesta quarta-feira (29), mas teve sua vota\u00e7\u00e3o adiada. O relator, senador Jean Paul Prates (PT-RN), leu seu relat\u00f3rio e disse que [&hellip;]<\/p>\n","protected":false},"author":3,"featured_media":0,"comment_status":"open","ping_status":"open","sticky":false,"template":"","format":"standard","meta":{"footnotes":""},"categories":[105],"tags":[],"_links":{"self":[{"href":"https:\/\/acs.org.br\/academy\/wp-json\/wp\/v2\/posts\/100441"}],"collection":[{"href":"https:\/\/acs.org.br\/academy\/wp-json\/wp\/v2\/posts"}],"about":[{"href":"https:\/\/acs.org.br\/academy\/wp-json\/wp\/v2\/types\/post"}],"author":[{"embeddable":true,"href":"https:\/\/acs.org.br\/academy\/wp-json\/wp\/v2\/users\/3"}],"replies":[{"embeddable":true,"href":"https:\/\/acs.org.br\/academy\/wp-json\/wp\/v2\/comments?post=100441"}],"version-history":[{"count":1,"href":"https:\/\/acs.org.br\/academy\/wp-json\/wp\/v2\/posts\/100441\/revisions"}],"predecessor-version":[{"id":100442,"href":"https:\/\/acs.org.br\/academy\/wp-json\/wp\/v2\/posts\/100441\/revisions\/100442"}],"wp:attachment":[{"href":"https:\/\/acs.org.br\/academy\/wp-json\/wp\/v2\/media?parent=100441"}],"wp:term":[{"taxonomy":"category","embeddable":true,"href":"https:\/\/acs.org.br\/academy\/wp-json\/wp\/v2\/categories?post=100441"},{"taxonomy":"post_tag","embeddable":true,"href":"https:\/\/acs.org.br\/academy\/wp-json\/wp\/v2\/tags?post=100441"}],"curies":[{"name":"wp","href":"https:\/\/api.w.org\/{rel}","templated":true}]}}