{"id":100433,"date":"2021-09-30T11:24:19","date_gmt":"2021-09-30T14:24:19","guid":{"rendered":"https:\/\/acs.org.br\/antigo\/?p=100433"},"modified":"2021-09-30T11:24:19","modified_gmt":"2021-09-30T14:24:19","slug":"cafe-cecafe-e-o-novo-integrante-do-conselho-consultivo-do-agro-expo-international","status":"publish","type":"post","link":"https:\/\/acs.org.br\/academy\/cafe-cecafe-e-o-novo-integrante-do-conselho-consultivo-do-agro-expo-international\/","title":{"rendered":"CAF\u00c9: Cecaf\u00e9 \u00e9 o novo integrante do conselho consultivo do Agro Expo International"},"content":{"rendered":"<p>Fonte: Caf\u00e9 Point<\/p>\n<p>O Conselho dos Exportadores de Caf\u00e9 do Brasil (Cecaf\u00e9) \u00e9 o novo integrante do conselho consultivo do Agro Expo International, evento que ser\u00e1 realizado pelo Governo do Estado de S\u00e3o Paulo e que possui o objetivo de proporcionar uma experi\u00eancia imersiva aos principais agentes do setor e estimular a gera\u00e7\u00e3o de novos neg\u00f3cios e investimentos.<\/p>\n<p><a href=\"https:\/\/www.cafepoint.com.br\/noticias\/giro-de-noticias\/cecafe-e-o-novo-integrante-do-conselho-consultivo-do-agro-expo-international-227473\/\">LEIA MAIS&#8230;<\/a><\/p>\n<p>&nbsp;<\/p>\n","protected":false},"excerpt":{"rendered":"<p>Fonte: Caf\u00e9 Point O Conselho dos Exportadores de Caf\u00e9 do Brasil (Cecaf\u00e9) \u00e9 o novo integrante do conselho consultivo do Agro Expo International, evento que ser\u00e1 realizado pelo Governo do Estado de S\u00e3o Paulo e que possui o objetivo de proporcionar uma experi\u00eancia imersiva aos principais agentes do setor e estimular a gera\u00e7\u00e3o de novos [&hellip;]<\/p>\n","protected":false},"author":3,"featured_media":0,"comment_status":"open","ping_status":"open","sticky":false,"template":"","format":"standard","meta":{"footnotes":""},"categories":[105],"tags":[],"_links":{"self":[{"href":"https:\/\/acs.org.br\/academy\/wp-json\/wp\/v2\/posts\/100433"}],"collection":[{"href":"https:\/\/acs.org.br\/academy\/wp-json\/wp\/v2\/posts"}],"about":[{"href":"https:\/\/acs.org.br\/academy\/wp-json\/wp\/v2\/types\/post"}],"author":[{"embeddable":true,"href":"https:\/\/acs.org.br\/academy\/wp-json\/wp\/v2\/users\/3"}],"replies":[{"embeddable":true,"href":"https:\/\/acs.org.br\/academy\/wp-json\/wp\/v2\/comments?post=100433"}],"version-history":[{"count":1,"href":"https:\/\/acs.org.br\/academy\/wp-json\/wp\/v2\/posts\/100433\/revisions"}],"predecessor-version":[{"id":100434,"href":"https:\/\/acs.org.br\/academy\/wp-json\/wp\/v2\/posts\/100433\/revisions\/100434"}],"wp:attachment":[{"href":"https:\/\/acs.org.br\/academy\/wp-json\/wp\/v2\/media?parent=100433"}],"wp:term":[{"taxonomy":"category","embeddable":true,"href":"https:\/\/acs.org.br\/academy\/wp-json\/wp\/v2\/categories?post=100433"},{"taxonomy":"post_tag","embeddable":true,"href":"https:\/\/acs.org.br\/academy\/wp-json\/wp\/v2\/tags?post=100433"}],"curies":[{"name":"wp","href":"https:\/\/api.w.org\/{rel}","templated":true}]}}