{"id":100425,"date":"2021-09-30T11:20:38","date_gmt":"2021-09-30T14:20:38","guid":{"rendered":"https:\/\/acs.org.br\/antigo\/?p=100425"},"modified":"2021-09-30T11:22:49","modified_gmt":"2021-09-30T14:22:49","slug":"100425-2","status":"publish","type":"post","link":"https:\/\/acs.org.br\/academy\/100425-2\/","title":{"rendered":"TECNOLOGIA: Salto tecnol\u00f3gico"},"content":{"rendered":"<p>Fonte: Valor Econ\u00f4mico<\/p>\n<p>A implementa\u00e7\u00e3o das redes de comunica\u00e7\u00e3o de quinta gera\u00e7\u00e3o (5G) transportar\u00e1 o Brasil, de fato, \u00e0 era da economia digital. A melhora significativa na conectividade &#8211; resultado esperado do leil\u00e3o das faixas de frequ\u00eancia previsto para o dia 4 de novembro &#8211; habilitar\u00e1 o pa\u00eds a explorar servi\u00e7os, modernizar e integrar as cadeias produtivas, disseminar conhecimento e promover amplo acesso a servi\u00e7os p\u00fablicos como os de sa\u00fade e educa\u00e7\u00e3o.<\/p>\n<p><a href=\"https:\/\/acs.org.br\/antigo\/wp-content\/uploads\/2021\/09\/TECNO-30.pdf\">LEIA MAIS&#8230;<\/a><\/p>\n","protected":false},"excerpt":{"rendered":"<p>Fonte: Valor Econ\u00f4mico A implementa\u00e7\u00e3o das redes de comunica\u00e7\u00e3o de quinta gera\u00e7\u00e3o (5G) transportar\u00e1 o Brasil, de fato, \u00e0 era da economia digital. A melhora significativa na conectividade &#8211; resultado esperado do leil\u00e3o das faixas de frequ\u00eancia previsto para o dia 4 de novembro &#8211; habilitar\u00e1 o pa\u00eds a explorar servi\u00e7os, modernizar e integrar as [&hellip;]<\/p>\n","protected":false},"author":3,"featured_media":100426,"comment_status":"open","ping_status":"open","sticky":false,"template":"","format":"standard","meta":{"footnotes":""},"categories":[105],"tags":[],"_links":{"self":[{"href":"https:\/\/acs.org.br\/academy\/wp-json\/wp\/v2\/posts\/100425"}],"collection":[{"href":"https:\/\/acs.org.br\/academy\/wp-json\/wp\/v2\/posts"}],"about":[{"href":"https:\/\/acs.org.br\/academy\/wp-json\/wp\/v2\/types\/post"}],"author":[{"embeddable":true,"href":"https:\/\/acs.org.br\/academy\/wp-json\/wp\/v2\/users\/3"}],"replies":[{"embeddable":true,"href":"https:\/\/acs.org.br\/academy\/wp-json\/wp\/v2\/comments?post=100425"}],"version-history":[{"count":5,"href":"https:\/\/acs.org.br\/academy\/wp-json\/wp\/v2\/posts\/100425\/revisions"}],"predecessor-version":[{"id":100432,"href":"https:\/\/acs.org.br\/academy\/wp-json\/wp\/v2\/posts\/100425\/revisions\/100432"}],"wp:featuredmedia":[{"embeddable":true,"href":"https:\/\/acs.org.br\/academy\/wp-json\/wp\/v2\/media\/100426"}],"wp:attachment":[{"href":"https:\/\/acs.org.br\/academy\/wp-json\/wp\/v2\/media?parent=100425"}],"wp:term":[{"taxonomy":"category","embeddable":true,"href":"https:\/\/acs.org.br\/academy\/wp-json\/wp\/v2\/categories?post=100425"},{"taxonomy":"post_tag","embeddable":true,"href":"https:\/\/acs.org.br\/academy\/wp-json\/wp\/v2\/tags?post=100425"}],"curies":[{"name":"wp","href":"https:\/\/api.w.org\/{rel}","templated":true}]}}