{"id":100422,"date":"2021-09-30T10:50:29","date_gmt":"2021-09-30T13:50:29","guid":{"rendered":"https:\/\/acs.org.br\/antigo\/?p=100422"},"modified":"2021-09-30T10:50:29","modified_gmt":"2021-09-30T13:50:29","slug":"economia-governo-de-sao-paulo-anuncia-reducao-de-icms-e-desoneracao-fiscal","status":"publish","type":"post","link":"https:\/\/acs.org.br\/academy\/economia-governo-de-sao-paulo-anuncia-reducao-de-icms-e-desoneracao-fiscal\/","title":{"rendered":"ECONOMIA: Governo de S\u00e3o Paulo anuncia redu\u00e7\u00e3o de ICMS e desonera\u00e7\u00e3o fiscal"},"content":{"rendered":"<p>Fonte: Portal Fazenda \/ Gov SP<\/p>\n<p>O Governo do Estado de S\u00e3o Paulo, por meio da Secretaria da Fazenda e Planejamento (Sefaz-SP), reduzir\u00e1 a carga tribut\u00e1ria de ICMS de setores geradores de empregos, a partir de janeiro de 2022.<\/p>\n<p><a href=\"https:\/\/portal.fazenda.sp.gov.br\/Noticias\/Paginas\/Governo-de-S%C3%A3o-Paulo-anuncia-redu%C3%A7%C3%A3o-de-ICMS-e-desonera%C3%A7%C3%A3o-fiscal.aspx\">LEIA MAIS&#8230;<\/a><\/p>\n<p>&nbsp;<\/p>\n","protected":false},"excerpt":{"rendered":"<p>Fonte: Portal Fazenda \/ Gov SP O Governo do Estado de S\u00e3o Paulo, por meio da Secretaria da Fazenda e Planejamento (Sefaz-SP), reduzir\u00e1 a carga tribut\u00e1ria de ICMS de setores geradores de empregos, a partir de janeiro de 2022. LEIA MAIS&#8230; &nbsp;<\/p>\n","protected":false},"author":3,"featured_media":100423,"comment_status":"open","ping_status":"open","sticky":false,"template":"","format":"standard","meta":{"footnotes":""},"categories":[105],"tags":[],"_links":{"self":[{"href":"https:\/\/acs.org.br\/academy\/wp-json\/wp\/v2\/posts\/100422"}],"collection":[{"href":"https:\/\/acs.org.br\/academy\/wp-json\/wp\/v2\/posts"}],"about":[{"href":"https:\/\/acs.org.br\/academy\/wp-json\/wp\/v2\/types\/post"}],"author":[{"embeddable":true,"href":"https:\/\/acs.org.br\/academy\/wp-json\/wp\/v2\/users\/3"}],"replies":[{"embeddable":true,"href":"https:\/\/acs.org.br\/academy\/wp-json\/wp\/v2\/comments?post=100422"}],"version-history":[{"count":1,"href":"https:\/\/acs.org.br\/academy\/wp-json\/wp\/v2\/posts\/100422\/revisions"}],"predecessor-version":[{"id":100424,"href":"https:\/\/acs.org.br\/academy\/wp-json\/wp\/v2\/posts\/100422\/revisions\/100424"}],"wp:featuredmedia":[{"embeddable":true,"href":"https:\/\/acs.org.br\/academy\/wp-json\/wp\/v2\/media\/100423"}],"wp:attachment":[{"href":"https:\/\/acs.org.br\/academy\/wp-json\/wp\/v2\/media?parent=100422"}],"wp:term":[{"taxonomy":"category","embeddable":true,"href":"https:\/\/acs.org.br\/academy\/wp-json\/wp\/v2\/categories?post=100422"},{"taxonomy":"post_tag","embeddable":true,"href":"https:\/\/acs.org.br\/academy\/wp-json\/wp\/v2\/tags?post=100422"}],"curies":[{"name":"wp","href":"https:\/\/api.w.org\/{rel}","templated":true}]}}