{"id":100417,"date":"2021-09-30T10:34:00","date_gmt":"2021-09-30T13:34:00","guid":{"rendered":"https:\/\/acs.org.br\/antigo\/?p=100417"},"modified":"2021-09-30T10:34:00","modified_gmt":"2021-09-30T13:34:00","slug":"porto-ministerio-da-infraestrutura-reafirma-compromisso-em-construir-tunel-submerso-como-ligacao-seca-entre-santos-e-guaruja","status":"publish","type":"post","link":"https:\/\/acs.org.br\/academy\/porto-ministerio-da-infraestrutura-reafirma-compromisso-em-construir-tunel-submerso-como-ligacao-seca-entre-santos-e-guaruja\/","title":{"rendered":"PORTO: Minist\u00e9rio da Infraestrutura reafirma compromisso em construir t\u00fanel submerso como liga\u00e7\u00e3o seca entre Santos e Guaruj\u00e1"},"content":{"rendered":"<p>Fonte: Ag\u00eancia Porto<\/p>\n<p>Vereadores da Baixada Santista entregaram ao governo federal, nesta quarta-feira (29), mo\u00e7\u00f5es de apoio \u00e0 constru\u00e7\u00e3o do t\u00fanel submerso como liga\u00e7\u00e3o seca entre Santos e Guaruj\u00e1. Representantes de seis munic\u00edpios da regi\u00e3o, com apoio da deputada federal Rosana Valle (PSB\/SP) e da campanha Vou de T\u00fanel, representada pelo porta-voz Eduardo Lustoza, foram recebidos pelo secret\u00e1rio Nacional de Portos e Transportes Aquavi\u00e1rios do Minist\u00e9rio da Infraestrutura (SNPTA\/MINFRA), Diogo Piloni e Silva, em Bras\u00edlia (DF).<\/p>\n<p><a href=\"http:\/\/agenciaporto.com\/ministerio-da-infraestrutura-reafirma-compromisso-em-construir-tunel-submerso-como-ligacao-seca-entre-santos-e-guaruja\/\">LEIA MAIS&#8230;<\/a><\/p>\n<p>&nbsp;<\/p>\n","protected":false},"excerpt":{"rendered":"<p>Fonte: Ag\u00eancia Porto Vereadores da Baixada Santista entregaram ao governo federal, nesta quarta-feira (29), mo\u00e7\u00f5es de apoio \u00e0 constru\u00e7\u00e3o do t\u00fanel submerso como liga\u00e7\u00e3o seca entre Santos e Guaruj\u00e1. Representantes de seis munic\u00edpios da regi\u00e3o, com apoio da deputada federal Rosana Valle (PSB\/SP) e da campanha Vou de T\u00fanel, representada pelo porta-voz Eduardo Lustoza, foram [&hellip;]<\/p>\n","protected":false},"author":3,"featured_media":0,"comment_status":"open","ping_status":"open","sticky":false,"template":"","format":"standard","meta":{"footnotes":""},"categories":[105],"tags":[],"_links":{"self":[{"href":"https:\/\/acs.org.br\/academy\/wp-json\/wp\/v2\/posts\/100417"}],"collection":[{"href":"https:\/\/acs.org.br\/academy\/wp-json\/wp\/v2\/posts"}],"about":[{"href":"https:\/\/acs.org.br\/academy\/wp-json\/wp\/v2\/types\/post"}],"author":[{"embeddable":true,"href":"https:\/\/acs.org.br\/academy\/wp-json\/wp\/v2\/users\/3"}],"replies":[{"embeddable":true,"href":"https:\/\/acs.org.br\/academy\/wp-json\/wp\/v2\/comments?post=100417"}],"version-history":[{"count":1,"href":"https:\/\/acs.org.br\/academy\/wp-json\/wp\/v2\/posts\/100417\/revisions"}],"predecessor-version":[{"id":100418,"href":"https:\/\/acs.org.br\/academy\/wp-json\/wp\/v2\/posts\/100417\/revisions\/100418"}],"wp:attachment":[{"href":"https:\/\/acs.org.br\/academy\/wp-json\/wp\/v2\/media?parent=100417"}],"wp:term":[{"taxonomy":"category","embeddable":true,"href":"https:\/\/acs.org.br\/academy\/wp-json\/wp\/v2\/categories?post=100417"},{"taxonomy":"post_tag","embeddable":true,"href":"https:\/\/acs.org.br\/academy\/wp-json\/wp\/v2\/tags?post=100417"}],"curies":[{"name":"wp","href":"https:\/\/api.w.org\/{rel}","templated":true}]}}