{"id":100386,"date":"2021-09-29T15:01:36","date_gmt":"2021-09-29T18:01:36","guid":{"rendered":"https:\/\/acs.org.br\/antigo\/?p=100386"},"modified":"2021-09-29T15:01:36","modified_gmt":"2021-09-29T18:01:36","slug":"cafe-abic-realiza-premiacao-melhores-da-qualidade-2020-2021-em-1o-de-outubro","status":"publish","type":"post","link":"https:\/\/acs.org.br\/academy\/cafe-abic-realiza-premiacao-melhores-da-qualidade-2020-2021-em-1o-de-outubro\/","title":{"rendered":"CAF\u00c9:\u00a0ABIC realiza premia\u00e7\u00e3o Melhores da Qualidade 2020\/2021 em 1\u00ba de outubro"},"content":{"rendered":"<p>Fonte: Caf\u00e9 Point<\/p>\n<p>A premia\u00e7\u00e3o Melhores da Qualidade 2020\/2021 se aproxima. Organizada e promovida pela Associa\u00e7\u00e3o Brasileira da Ind\u00fastria de Caf\u00e9 (ABIC), a cerim\u00f4nia ir\u00e1 consagrar os profissionais da ind\u00fastria que oferecem um caf\u00e9 de qualidade aos consumidores brasileiros.<\/p>\n<p><a href=\"https:\/\/www.cafepoint.com.br\/noticias\/agenda-do-produtor\/abic-realiza-premiacao-melhores-da-qualidade-20202021-em-1-de-outubro-227458\/\">LEIA MAIS&#8230;<\/a><\/p>\n<p>&nbsp;<\/p>\n<p>&nbsp;<\/p>\n","protected":false},"excerpt":{"rendered":"<p>Fonte: Caf\u00e9 Point A premia\u00e7\u00e3o Melhores da Qualidade 2020\/2021 se aproxima. Organizada e promovida pela Associa\u00e7\u00e3o Brasileira da Ind\u00fastria de Caf\u00e9 (ABIC), a cerim\u00f4nia ir\u00e1 consagrar os profissionais da ind\u00fastria que oferecem um caf\u00e9 de qualidade aos consumidores brasileiros. LEIA MAIS&#8230; &nbsp; &nbsp;<\/p>\n","protected":false},"author":3,"featured_media":0,"comment_status":"open","ping_status":"open","sticky":false,"template":"","format":"standard","meta":{"footnotes":""},"categories":[105],"tags":[],"_links":{"self":[{"href":"https:\/\/acs.org.br\/academy\/wp-json\/wp\/v2\/posts\/100386"}],"collection":[{"href":"https:\/\/acs.org.br\/academy\/wp-json\/wp\/v2\/posts"}],"about":[{"href":"https:\/\/acs.org.br\/academy\/wp-json\/wp\/v2\/types\/post"}],"author":[{"embeddable":true,"href":"https:\/\/acs.org.br\/academy\/wp-json\/wp\/v2\/users\/3"}],"replies":[{"embeddable":true,"href":"https:\/\/acs.org.br\/academy\/wp-json\/wp\/v2\/comments?post=100386"}],"version-history":[{"count":1,"href":"https:\/\/acs.org.br\/academy\/wp-json\/wp\/v2\/posts\/100386\/revisions"}],"predecessor-version":[{"id":100387,"href":"https:\/\/acs.org.br\/academy\/wp-json\/wp\/v2\/posts\/100386\/revisions\/100387"}],"wp:attachment":[{"href":"https:\/\/acs.org.br\/academy\/wp-json\/wp\/v2\/media?parent=100386"}],"wp:term":[{"taxonomy":"category","embeddable":true,"href":"https:\/\/acs.org.br\/academy\/wp-json\/wp\/v2\/categories?post=100386"},{"taxonomy":"post_tag","embeddable":true,"href":"https:\/\/acs.org.br\/academy\/wp-json\/wp\/v2\/tags?post=100386"}],"curies":[{"name":"wp","href":"https:\/\/api.w.org\/{rel}","templated":true}]}}