{"id":100381,"date":"2021-09-29T14:48:24","date_gmt":"2021-09-29T17:48:24","guid":{"rendered":"https:\/\/acs.org.br\/antigo\/?p=100381"},"modified":"2021-09-29T14:48:24","modified_gmt":"2021-09-29T17:48:24","slug":"economia-entidades-do-setor-de-bares-e-restaurantes-insistem-pela-volta-do-horario-de-verao","status":"publish","type":"post","link":"https:\/\/acs.org.br\/academy\/economia-entidades-do-setor-de-bares-e-restaurantes-insistem-pela-volta-do-horario-de-verao\/","title":{"rendered":"ECONOMIA: Entidades do setor de bares e restaurantes insistem pela volta do hor\u00e1rio de ver\u00e3o"},"content":{"rendered":"<p>Fonte: CNN Brasil<\/p>\n<p>Com a proximidade do m\u00eas de outubro, em que tradicionalmente iniciava o hor\u00e1rio de ver\u00e3o no Brasil, associa\u00e7\u00f5es do setor de bares e restaurantes voltaram a pedir o retorno da medida como forma de incentivar a economia e ajudar na crise h\u00eddrica vivida pelo pa\u00eds.<\/p>\n<p><a href=\"https:\/\/www.cnnbrasil.com.br\/business\/entidades-do-setor-de-bares-e-restaurantes-insistem-pela-volta-do-horario-de-verao\/\">LEIA MAIS&#8230;<\/a><\/p>\n","protected":false},"excerpt":{"rendered":"<p>Fonte: CNN Brasil Com a proximidade do m\u00eas de outubro, em que tradicionalmente iniciava o hor\u00e1rio de ver\u00e3o no Brasil, associa\u00e7\u00f5es do setor de bares e restaurantes voltaram a pedir o retorno da medida como forma de incentivar a economia e ajudar na crise h\u00eddrica vivida pelo pa\u00eds. LEIA MAIS&#8230;<\/p>\n","protected":false},"author":3,"featured_media":100366,"comment_status":"open","ping_status":"open","sticky":false,"template":"","format":"standard","meta":{"footnotes":""},"categories":[105],"tags":[],"_links":{"self":[{"href":"https:\/\/acs.org.br\/academy\/wp-json\/wp\/v2\/posts\/100381"}],"collection":[{"href":"https:\/\/acs.org.br\/academy\/wp-json\/wp\/v2\/posts"}],"about":[{"href":"https:\/\/acs.org.br\/academy\/wp-json\/wp\/v2\/types\/post"}],"author":[{"embeddable":true,"href":"https:\/\/acs.org.br\/academy\/wp-json\/wp\/v2\/users\/3"}],"replies":[{"embeddable":true,"href":"https:\/\/acs.org.br\/academy\/wp-json\/wp\/v2\/comments?post=100381"}],"version-history":[{"count":1,"href":"https:\/\/acs.org.br\/academy\/wp-json\/wp\/v2\/posts\/100381\/revisions"}],"predecessor-version":[{"id":100382,"href":"https:\/\/acs.org.br\/academy\/wp-json\/wp\/v2\/posts\/100381\/revisions\/100382"}],"wp:featuredmedia":[{"embeddable":true,"href":"https:\/\/acs.org.br\/academy\/wp-json\/wp\/v2\/media\/100366"}],"wp:attachment":[{"href":"https:\/\/acs.org.br\/academy\/wp-json\/wp\/v2\/media?parent=100381"}],"wp:term":[{"taxonomy":"category","embeddable":true,"href":"https:\/\/acs.org.br\/academy\/wp-json\/wp\/v2\/categories?post=100381"},{"taxonomy":"post_tag","embeddable":true,"href":"https:\/\/acs.org.br\/academy\/wp-json\/wp\/v2\/tags?post=100381"}],"curies":[{"name":"wp","href":"https:\/\/api.w.org\/{rel}","templated":true}]}}