{"id":100364,"date":"2021-09-29T13:59:51","date_gmt":"2021-09-29T16:59:51","guid":{"rendered":"https:\/\/acs.org.br\/antigo\/?p=100364"},"modified":"2021-09-29T15:15:13","modified_gmt":"2021-09-29T18:15:13","slug":"atualidades-presidente-sanciona-lei-federal-que-cria-o-documento-eletronico-de-transporte","status":"publish","type":"post","link":"https:\/\/acs.org.br\/academy\/atualidades-presidente-sanciona-lei-federal-que-cria-o-documento-eletronico-de-transporte\/","title":{"rendered":"ATUALIDADES: Presidente sanciona Lei Federal que cria o Documento Eletr\u00f4nico de Transporte"},"content":{"rendered":"<p>Fonte: Ag\u00eancia Porto<\/p>\n<p>Parte do programa de transforma\u00e7\u00e3o digital do Governo Federal, o Documento Eletr\u00f4nico de Transporte (DT-e) recebeu a san\u00e7\u00e3o do presidente da Rep\u00fablica, Jair Bolsonaro. A Lei Federal 14.206\/2021 foi publicada na edi\u00e7\u00e3o desta ter\u00e7a-feira do Di\u00e1rio Oficial da Uni\u00e3o (DOU). O DT-e \u00e9 uma plataforma eletr\u00f4nica que digitaliza e unifica todos os documentos administrativos referentes ao transporte de cargas no pa\u00eds.<\/p>\n<p><a href=\"http:\/\/agenciaporto.com\/presidente-sanciona-lei-federal-que-cria-o-documento-eletronico-de-transporte\/\">LEIA MAIS&#8230;<\/a><\/p>\n<p>&nbsp;<\/p>\n","protected":false},"excerpt":{"rendered":"<p>Fonte: Ag\u00eancia Porto Parte do programa de transforma\u00e7\u00e3o digital do Governo Federal, o Documento Eletr\u00f4nico de Transporte (DT-e) recebeu a san\u00e7\u00e3o do presidente da Rep\u00fablica, Jair Bolsonaro. A Lei Federal 14.206\/2021 foi publicada na edi\u00e7\u00e3o desta ter\u00e7a-feira do Di\u00e1rio Oficial da Uni\u00e3o (DOU). O DT-e \u00e9 uma plataforma eletr\u00f4nica que digitaliza e unifica todos os [&hellip;]<\/p>\n","protected":false},"author":3,"featured_media":0,"comment_status":"open","ping_status":"open","sticky":false,"template":"","format":"standard","meta":{"footnotes":""},"categories":[105],"tags":[],"_links":{"self":[{"href":"https:\/\/acs.org.br\/academy\/wp-json\/wp\/v2\/posts\/100364"}],"collection":[{"href":"https:\/\/acs.org.br\/academy\/wp-json\/wp\/v2\/posts"}],"about":[{"href":"https:\/\/acs.org.br\/academy\/wp-json\/wp\/v2\/types\/post"}],"author":[{"embeddable":true,"href":"https:\/\/acs.org.br\/academy\/wp-json\/wp\/v2\/users\/3"}],"replies":[{"embeddable":true,"href":"https:\/\/acs.org.br\/academy\/wp-json\/wp\/v2\/comments?post=100364"}],"version-history":[{"count":1,"href":"https:\/\/acs.org.br\/academy\/wp-json\/wp\/v2\/posts\/100364\/revisions"}],"predecessor-version":[{"id":100365,"href":"https:\/\/acs.org.br\/academy\/wp-json\/wp\/v2\/posts\/100364\/revisions\/100365"}],"wp:attachment":[{"href":"https:\/\/acs.org.br\/academy\/wp-json\/wp\/v2\/media?parent=100364"}],"wp:term":[{"taxonomy":"category","embeddable":true,"href":"https:\/\/acs.org.br\/academy\/wp-json\/wp\/v2\/categories?post=100364"},{"taxonomy":"post_tag","embeddable":true,"href":"https:\/\/acs.org.br\/academy\/wp-json\/wp\/v2\/tags?post=100364"}],"curies":[{"name":"wp","href":"https:\/\/api.w.org\/{rel}","templated":true}]}}