{"id":100361,"date":"2021-09-29T11:41:08","date_gmt":"2021-09-29T14:41:08","guid":{"rendered":"https:\/\/acs.org.br\/antigo\/?p=100361"},"modified":"2021-09-29T11:43:32","modified_gmt":"2021-09-29T14:43:32","slug":"porto-antaq-prorroga-prazo-da-consulta-publica-para-regular-contratos-de-uso-temporario","status":"publish","type":"post","link":"https:\/\/acs.org.br\/academy\/porto-antaq-prorroga-prazo-da-consulta-publica-para-regular-contratos-de-uso-temporario\/","title":{"rendered":"PORTO: ANTAQ prorroga prazo da consulta p\u00fablica para regular contratos de uso tempor\u00e1rio"},"content":{"rendered":"<p>Fonte: Ag\u00eancia Porto<\/p>\n<p>A Ag\u00eancia Nacional dos Transportes Aquavi\u00e1rios \u2013 ANTAQ prorrogou o prazo para recebimento de contribui\u00e7\u00f5es, subs\u00eddios e sugest\u00f5es para o aprimoramento da proposta normativa voltada para regular a contrata\u00e7\u00e3o de uso tempor\u00e1rio de \u00e1reas e instala\u00e7\u00f5es portu\u00e1rias localizadas na poligonal de porto organizado, para movimenta\u00e7\u00e3o de cargas com mercado n\u00e3o consolidado.<\/p>\n<p><a href=\"http:\/\/agenciaporto.com\/antaq-prorroga-prazo-da-consulta-publica-para-regular-contratos-de-uso-temporario\/\">LEIA MAIS&#8230;<\/a><\/p>\n<p>&nbsp;<\/p>\n","protected":false},"excerpt":{"rendered":"<p>Fonte: Ag\u00eancia Porto A Ag\u00eancia Nacional dos Transportes Aquavi\u00e1rios \u2013 ANTAQ prorrogou o prazo para recebimento de contribui\u00e7\u00f5es, subs\u00eddios e sugest\u00f5es para o aprimoramento da proposta normativa voltada para regular a contrata\u00e7\u00e3o de uso tempor\u00e1rio de \u00e1reas e instala\u00e7\u00f5es portu\u00e1rias localizadas na poligonal de porto organizado, para movimenta\u00e7\u00e3o de cargas com mercado n\u00e3o consolidado. LEIA [&hellip;]<\/p>\n","protected":false},"author":3,"featured_media":0,"comment_status":"open","ping_status":"open","sticky":false,"template":"","format":"standard","meta":{"footnotes":""},"categories":[105],"tags":[],"_links":{"self":[{"href":"https:\/\/acs.org.br\/academy\/wp-json\/wp\/v2\/posts\/100361"}],"collection":[{"href":"https:\/\/acs.org.br\/academy\/wp-json\/wp\/v2\/posts"}],"about":[{"href":"https:\/\/acs.org.br\/academy\/wp-json\/wp\/v2\/types\/post"}],"author":[{"embeddable":true,"href":"https:\/\/acs.org.br\/academy\/wp-json\/wp\/v2\/users\/3"}],"replies":[{"embeddable":true,"href":"https:\/\/acs.org.br\/academy\/wp-json\/wp\/v2\/comments?post=100361"}],"version-history":[{"count":1,"href":"https:\/\/acs.org.br\/academy\/wp-json\/wp\/v2\/posts\/100361\/revisions"}],"predecessor-version":[{"id":100362,"href":"https:\/\/acs.org.br\/academy\/wp-json\/wp\/v2\/posts\/100361\/revisions\/100362"}],"wp:attachment":[{"href":"https:\/\/acs.org.br\/academy\/wp-json\/wp\/v2\/media?parent=100361"}],"wp:term":[{"taxonomy":"category","embeddable":true,"href":"https:\/\/acs.org.br\/academy\/wp-json\/wp\/v2\/categories?post=100361"},{"taxonomy":"post_tag","embeddable":true,"href":"https:\/\/acs.org.br\/academy\/wp-json\/wp\/v2\/tags?post=100361"}],"curies":[{"name":"wp","href":"https:\/\/api.w.org\/{rel}","templated":true}]}}