{"id":100357,"date":"2021-09-29T10:24:18","date_gmt":"2021-09-29T13:24:18","guid":{"rendered":"https:\/\/acs.org.br\/antigo\/?p=100357"},"modified":"2021-09-29T11:40:30","modified_gmt":"2021-09-29T14:40:31","slug":"economia-igp-m-tem-deflacao-de-064-em-setembro-mas-ainda-acumula-avanco-de-2486-em-12-meses","status":"publish","type":"post","link":"https:\/\/acs.org.br\/academy\/economia-igp-m-tem-deflacao-de-064-em-setembro-mas-ainda-acumula-avanco-de-2486-em-12-meses\/","title":{"rendered":"ECONOMIA: IGP-M tem defla\u00e7\u00e3o de 0,64% em setembro, mas ainda acumula avan\u00e7o de 24,86% em 12 meses"},"content":{"rendered":"<p>Fonte: G1<\/p>\n<p>O \u00cdndice Geral de Pre\u00e7os \u2013 Mercado (IGP-M) caiu 0,64% em setembro, ap\u00f3s alta de 0,66% em agosto, informou nesta quarta-feira (29) a Funda\u00e7\u00e3o Getulio Vargas. Trata-se da primeira defla\u00e7\u00e3o desde fevereiro de 2020 e da menor taxa mensal desde agosto de 2019 (-0,67%).<\/p>\n<p><a href=\"https:\/\/g1.globo.com\/economia\/noticia\/2021\/09\/29\/inflacao-medida-pelo-igp-m-cai-064percent-em-setembro.ghtml\">LEIA MAIS&#8230;<\/a><\/p>\n<p>&nbsp;<\/p>\n","protected":false},"excerpt":{"rendered":"<p>Fonte: G1 O \u00cdndice Geral de Pre\u00e7os \u2013 Mercado (IGP-M) caiu 0,64% em setembro, ap\u00f3s alta de 0,66% em agosto, informou nesta quarta-feira (29) a Funda\u00e7\u00e3o Getulio Vargas. Trata-se da primeira defla\u00e7\u00e3o desde fevereiro de 2020 e da menor taxa mensal desde agosto de 2019 (-0,67%). LEIA MAIS&#8230; &nbsp;<\/p>\n","protected":false},"author":3,"featured_media":100360,"comment_status":"open","ping_status":"open","sticky":false,"template":"","format":"standard","meta":{"footnotes":""},"categories":[105],"tags":[],"_links":{"self":[{"href":"https:\/\/acs.org.br\/academy\/wp-json\/wp\/v2\/posts\/100357"}],"collection":[{"href":"https:\/\/acs.org.br\/academy\/wp-json\/wp\/v2\/posts"}],"about":[{"href":"https:\/\/acs.org.br\/academy\/wp-json\/wp\/v2\/types\/post"}],"author":[{"embeddable":true,"href":"https:\/\/acs.org.br\/academy\/wp-json\/wp\/v2\/users\/3"}],"replies":[{"embeddable":true,"href":"https:\/\/acs.org.br\/academy\/wp-json\/wp\/v2\/comments?post=100357"}],"version-history":[{"count":1,"href":"https:\/\/acs.org.br\/academy\/wp-json\/wp\/v2\/posts\/100357\/revisions"}],"predecessor-version":[{"id":100359,"href":"https:\/\/acs.org.br\/academy\/wp-json\/wp\/v2\/posts\/100357\/revisions\/100359"}],"wp:featuredmedia":[{"embeddable":true,"href":"https:\/\/acs.org.br\/academy\/wp-json\/wp\/v2\/media\/100360"}],"wp:attachment":[{"href":"https:\/\/acs.org.br\/academy\/wp-json\/wp\/v2\/media?parent=100357"}],"wp:term":[{"taxonomy":"category","embeddable":true,"href":"https:\/\/acs.org.br\/academy\/wp-json\/wp\/v2\/categories?post=100357"},{"taxonomy":"post_tag","embeddable":true,"href":"https:\/\/acs.org.br\/academy\/wp-json\/wp\/v2\/tags?post=100357"}],"curies":[{"name":"wp","href":"https:\/\/api.w.org\/{rel}","templated":true}]}}