{"id":100354,"date":"2021-09-29T08:33:27","date_gmt":"2021-09-29T11:33:27","guid":{"rendered":"https:\/\/acs.org.br\/antigo\/?p=100354"},"modified":"2021-09-29T08:33:27","modified_gmt":"2021-09-29T11:33:27","slug":"porto-porto-360%cb%9adebate-cruzeiros-maritimos","status":"publish","type":"post","link":"https:\/\/acs.org.br\/academy\/porto-porto-360%cb%9adebate-cruzeiros-maritimos\/","title":{"rendered":"PORTO: Porto 360\u02dadebate cruzeiros mar\u00edtimos"},"content":{"rendered":"<p>Fonte: A Tribuna<\/p>\n<p>A posi\u00e7\u00e3o da Ag\u00eancia Nacional de Vigil\u00e2ncia Sanit\u00e1ria (Anvisa),de ainda n\u00e3o liberar a realiza\u00e7\u00e3o da pr\u00f3xima temporada de cruzeiros mar\u00edtimos no Porto de Santos, ser\u00e1 debatida na edi\u00e7\u00e3o de hoje do programa Porto 360\u02da,transmitido pelas redes sociais do GrupoTribuna \u2013 Facebook (facebook\/grupo.tribuna) e Youtube (p\u00e1gina do Jornal A Tribuna)\u2013\u00e0s 19h45.<\/p>\n<p><a href=\"https:\/\/acs.org.br\/antigo\/wp-content\/uploads\/2021\/09\/PORTO2909_03.pdf\">LEIA MAIS&#8230;\u00a0<\/a><\/p>\n","protected":false},"excerpt":{"rendered":"<p>Fonte: A Tribuna A posi\u00e7\u00e3o da Ag\u00eancia Nacional de Vigil\u00e2ncia Sanit\u00e1ria (Anvisa),de ainda n\u00e3o liberar a realiza\u00e7\u00e3o da pr\u00f3xima temporada de cruzeiros mar\u00edtimos no Porto de Santos, ser\u00e1 debatida na edi\u00e7\u00e3o de hoje do programa Porto 360\u02da,transmitido pelas redes sociais do GrupoTribuna \u2013 Facebook (facebook\/grupo.tribuna) e Youtube (p\u00e1gina do Jornal A Tribuna)\u2013\u00e0s 19h45. LEIA MAIS&#8230;\u00a0<\/p>\n","protected":false},"author":2,"featured_media":0,"comment_status":"open","ping_status":"open","sticky":false,"template":"","format":"standard","meta":{"footnotes":""},"categories":[105],"tags":[],"_links":{"self":[{"href":"https:\/\/acs.org.br\/academy\/wp-json\/wp\/v2\/posts\/100354"}],"collection":[{"href":"https:\/\/acs.org.br\/academy\/wp-json\/wp\/v2\/posts"}],"about":[{"href":"https:\/\/acs.org.br\/academy\/wp-json\/wp\/v2\/types\/post"}],"author":[{"embeddable":true,"href":"https:\/\/acs.org.br\/academy\/wp-json\/wp\/v2\/users\/2"}],"replies":[{"embeddable":true,"href":"https:\/\/acs.org.br\/academy\/wp-json\/wp\/v2\/comments?post=100354"}],"version-history":[{"count":1,"href":"https:\/\/acs.org.br\/academy\/wp-json\/wp\/v2\/posts\/100354\/revisions"}],"predecessor-version":[{"id":100356,"href":"https:\/\/acs.org.br\/academy\/wp-json\/wp\/v2\/posts\/100354\/revisions\/100356"}],"wp:attachment":[{"href":"https:\/\/acs.org.br\/academy\/wp-json\/wp\/v2\/media?parent=100354"}],"wp:term":[{"taxonomy":"category","embeddable":true,"href":"https:\/\/acs.org.br\/academy\/wp-json\/wp\/v2\/categories?post=100354"},{"taxonomy":"post_tag","embeddable":true,"href":"https:\/\/acs.org.br\/academy\/wp-json\/wp\/v2\/tags?post=100354"}],"curies":[{"name":"wp","href":"https:\/\/api.w.org\/{rel}","templated":true}]}}