{"id":100345,"date":"2021-09-29T08:30:40","date_gmt":"2021-09-29T11:30:40","guid":{"rendered":"https:\/\/acs.org.br\/antigo\/?p=100345"},"modified":"2021-09-29T08:30:40","modified_gmt":"2021-09-29T11:30:40","slug":"economia-petrobras-anuncia-reajuste-de-89-para-o-oleo-diesel","status":"publish","type":"post","link":"https:\/\/acs.org.br\/academy\/economia-petrobras-anuncia-reajuste-de-89-para-o-oleo-diesel\/","title":{"rendered":"ECONOMIA: Petrobras anuncia reajuste de 8,9% para o \u00f3leo diesel"},"content":{"rendered":"<p>Fonte: A Tribuna<\/p>\n<p>Menos de 24 horas ap\u00f3s o presidente Jair Bolsonaro afirmar que gostaria que os pre\u00e7os dos combust\u00edveis ca\u00edssem, a Petrobras anunciou ontem reajuste de 8,9% para o \u00f3leo diesel.<\/p>\n<p><a href=\"https:\/\/acs.org.br\/antigo\/wp-content\/uploads\/2021\/09\/ECONOMIA2909.pdf\">LEIA MAIS&#8230;<\/a><\/p>\n<p>&nbsp;<\/p>\n","protected":false},"excerpt":{"rendered":"<p>Fonte: A Tribuna Menos de 24 horas ap\u00f3s o presidente Jair Bolsonaro afirmar que gostaria que os pre\u00e7os dos combust\u00edveis ca\u00edssem, a Petrobras anunciou ontem reajuste de 8,9% para o \u00f3leo diesel. LEIA MAIS&#8230; &nbsp;<\/p>\n","protected":false},"author":2,"featured_media":0,"comment_status":"open","ping_status":"open","sticky":false,"template":"","format":"standard","meta":{"footnotes":""},"categories":[105],"tags":[],"_links":{"self":[{"href":"https:\/\/acs.org.br\/academy\/wp-json\/wp\/v2\/posts\/100345"}],"collection":[{"href":"https:\/\/acs.org.br\/academy\/wp-json\/wp\/v2\/posts"}],"about":[{"href":"https:\/\/acs.org.br\/academy\/wp-json\/wp\/v2\/types\/post"}],"author":[{"embeddable":true,"href":"https:\/\/acs.org.br\/academy\/wp-json\/wp\/v2\/users\/2"}],"replies":[{"embeddable":true,"href":"https:\/\/acs.org.br\/academy\/wp-json\/wp\/v2\/comments?post=100345"}],"version-history":[{"count":1,"href":"https:\/\/acs.org.br\/academy\/wp-json\/wp\/v2\/posts\/100345\/revisions"}],"predecessor-version":[{"id":100347,"href":"https:\/\/acs.org.br\/academy\/wp-json\/wp\/v2\/posts\/100345\/revisions\/100347"}],"wp:attachment":[{"href":"https:\/\/acs.org.br\/academy\/wp-json\/wp\/v2\/media?parent=100345"}],"wp:term":[{"taxonomy":"category","embeddable":true,"href":"https:\/\/acs.org.br\/academy\/wp-json\/wp\/v2\/categories?post=100345"},{"taxonomy":"post_tag","embeddable":true,"href":"https:\/\/acs.org.br\/academy\/wp-json\/wp\/v2\/tags?post=100345"}],"curies":[{"name":"wp","href":"https:\/\/api.w.org\/{rel}","templated":true}]}}