{"id":100333,"date":"2021-09-28T08:46:41","date_gmt":"2021-09-28T11:46:41","guid":{"rendered":"https:\/\/acs.org.br\/antigo\/?p=100333"},"modified":"2021-09-28T08:46:41","modified_gmt":"2021-09-28T11:46:41","slug":"atualidades-vereadores-da-regiao-entregam-mocoes-de-apoio-ao-tunel-santos-guaruja-para-governo-federal","status":"publish","type":"post","link":"https:\/\/acs.org.br\/academy\/atualidades-vereadores-da-regiao-entregam-mocoes-de-apoio-ao-tunel-santos-guaruja-para-governo-federal\/","title":{"rendered":"ATUALIDADES: Vereadores da regi\u00e3o entregam mo\u00e7\u00f5es de apoio ao t\u00fanel Santos-Guaruj\u00e1 para Governo Federal"},"content":{"rendered":"<p>Fonte: Santaportal<\/p>\n<p>A Uni\u00e3o dos Vereadores da Baixada Santista (Uvebs) ir\u00e1 entregar mo\u00e7\u00f5es de apoio \u00e0 constru\u00e7\u00e3o do t\u00fanel submerso entre Santos e Guaruj\u00e1 para o secret\u00e1rio Nacional de Portos e Transportes Aquavi\u00e1rios do Minist\u00e9rio da Infraestrutura, Diogo Piloni e Silva.<\/p>\n<p><a href=\"https:\/\/santaportal.com.br\/baixada\/vereadores-entregam-mocoes-de-apoio-ao-tunel-santos-guaruja-para-governo-federal\/\">LEIA MAIS&#8230;<\/a><\/p>\n","protected":false},"excerpt":{"rendered":"<p>Fonte: Santaportal A Uni\u00e3o dos Vereadores da Baixada Santista (Uvebs) ir\u00e1 entregar mo\u00e7\u00f5es de apoio \u00e0 constru\u00e7\u00e3o do t\u00fanel submerso entre Santos e Guaruj\u00e1 para o secret\u00e1rio Nacional de Portos e Transportes Aquavi\u00e1rios do Minist\u00e9rio da Infraestrutura, Diogo Piloni e Silva. LEIA MAIS&#8230;<\/p>\n","protected":false},"author":2,"featured_media":0,"comment_status":"open","ping_status":"open","sticky":false,"template":"","format":"standard","meta":{"footnotes":""},"categories":[105],"tags":[],"_links":{"self":[{"href":"https:\/\/acs.org.br\/academy\/wp-json\/wp\/v2\/posts\/100333"}],"collection":[{"href":"https:\/\/acs.org.br\/academy\/wp-json\/wp\/v2\/posts"}],"about":[{"href":"https:\/\/acs.org.br\/academy\/wp-json\/wp\/v2\/types\/post"}],"author":[{"embeddable":true,"href":"https:\/\/acs.org.br\/academy\/wp-json\/wp\/v2\/users\/2"}],"replies":[{"embeddable":true,"href":"https:\/\/acs.org.br\/academy\/wp-json\/wp\/v2\/comments?post=100333"}],"version-history":[{"count":1,"href":"https:\/\/acs.org.br\/academy\/wp-json\/wp\/v2\/posts\/100333\/revisions"}],"predecessor-version":[{"id":100334,"href":"https:\/\/acs.org.br\/academy\/wp-json\/wp\/v2\/posts\/100333\/revisions\/100334"}],"wp:attachment":[{"href":"https:\/\/acs.org.br\/academy\/wp-json\/wp\/v2\/media?parent=100333"}],"wp:term":[{"taxonomy":"category","embeddable":true,"href":"https:\/\/acs.org.br\/academy\/wp-json\/wp\/v2\/categories?post=100333"},{"taxonomy":"post_tag","embeddable":true,"href":"https:\/\/acs.org.br\/academy\/wp-json\/wp\/v2\/tags?post=100333"}],"curies":[{"name":"wp","href":"https:\/\/api.w.org\/{rel}","templated":true}]}}