{"id":100331,"date":"2021-09-28T08:46:00","date_gmt":"2021-09-28T11:46:00","guid":{"rendered":"https:\/\/acs.org.br\/antigo\/?p=100331"},"modified":"2021-09-28T08:46:00","modified_gmt":"2021-09-28T11:46:00","slug":"cafe-precos-do-cafe-robusta-aumentam-a-medida-que-problemas-de-abastecimento-surgem","status":"publish","type":"post","link":"https:\/\/acs.org.br\/academy\/cafe-precos-do-cafe-robusta-aumentam-a-medida-que-problemas-de-abastecimento-surgem\/","title":{"rendered":"CAF\u00c9: Pre\u00e7os do caf\u00e9 robusta aumentam \u00e0 medida que problemas de abastecimento surgem"},"content":{"rendered":"<p>Fonte: Caf\u00e9 Point<\/p>\n<p>Os pre\u00e7os do can\u00e9fora (robusta) alcan\u00e7aram os mais altos em mais de quatro anos, \u00e0 medida que aumentam as preocupa\u00e7\u00f5es com as perspectivas de oferta do Vietn\u00e3 e do Brasil.<\/p>\n<p><a href=\"https:\/\/www.cafepoint.com.br\/noticias\/giro-de-noticias\/precos-do-cafe-robusta-aumentam-a-medida-que-problemas-de-abastecimento-surgem-227428\/\">LEIA MAIS&#8230;<\/a><\/p>\n<p>&nbsp;<\/p>\n","protected":false},"excerpt":{"rendered":"<p>Fonte: Caf\u00e9 Point Os pre\u00e7os do can\u00e9fora (robusta) alcan\u00e7aram os mais altos em mais de quatro anos, \u00e0 medida que aumentam as preocupa\u00e7\u00f5es com as perspectivas de oferta do Vietn\u00e3 e do Brasil. LEIA MAIS&#8230; &nbsp;<\/p>\n","protected":false},"author":2,"featured_media":0,"comment_status":"open","ping_status":"open","sticky":false,"template":"","format":"standard","meta":{"footnotes":""},"categories":[105],"tags":[],"_links":{"self":[{"href":"https:\/\/acs.org.br\/academy\/wp-json\/wp\/v2\/posts\/100331"}],"collection":[{"href":"https:\/\/acs.org.br\/academy\/wp-json\/wp\/v2\/posts"}],"about":[{"href":"https:\/\/acs.org.br\/academy\/wp-json\/wp\/v2\/types\/post"}],"author":[{"embeddable":true,"href":"https:\/\/acs.org.br\/academy\/wp-json\/wp\/v2\/users\/2"}],"replies":[{"embeddable":true,"href":"https:\/\/acs.org.br\/academy\/wp-json\/wp\/v2\/comments?post=100331"}],"version-history":[{"count":1,"href":"https:\/\/acs.org.br\/academy\/wp-json\/wp\/v2\/posts\/100331\/revisions"}],"predecessor-version":[{"id":100332,"href":"https:\/\/acs.org.br\/academy\/wp-json\/wp\/v2\/posts\/100331\/revisions\/100332"}],"wp:attachment":[{"href":"https:\/\/acs.org.br\/academy\/wp-json\/wp\/v2\/media?parent=100331"}],"wp:term":[{"taxonomy":"category","embeddable":true,"href":"https:\/\/acs.org.br\/academy\/wp-json\/wp\/v2\/categories?post=100331"},{"taxonomy":"post_tag","embeddable":true,"href":"https:\/\/acs.org.br\/academy\/wp-json\/wp\/v2\/tags?post=100331"}],"curies":[{"name":"wp","href":"https:\/\/api.w.org\/{rel}","templated":true}]}}