{"id":100321,"date":"2021-09-28T08:19:02","date_gmt":"2021-09-28T11:19:02","guid":{"rendered":"https:\/\/acs.org.br\/antigo\/?p=100321"},"modified":"2021-09-28T08:19:02","modified_gmt":"2021-09-28T11:19:02","slug":"cafe-empresarios-querem-protagonismo-do-brasil-no-combate-as-mudancas-climaticas","status":"publish","type":"post","link":"https:\/\/acs.org.br\/academy\/cafe-empresarios-querem-protagonismo-do-brasil-no-combate-as-mudancas-climaticas\/","title":{"rendered":"CAF\u00c9: Empres\u00e1rios querem protagonismo do Brasil no combate \u00e0s mudan\u00e7as clim\u00e1ticas"},"content":{"rendered":"<p>Fonte: O Globo<\/p>\n<p>De olho na Confer\u00eancia sobre o Clima, a COP 26, que acontece em novembro, na Esc\u00f3cia, um grupo de 107 empresas e 10 entidades setoriais do pa\u00eds pede que o Brasil retome o protagonismo em defesa da agenda verde global e defende metas ambiciosas para a transi\u00e7\u00e3o para uma economia de baixo carbono.<\/p>\n<p><a href=\"https:\/\/br.noticias.yahoo.com\/empres%C3%A1rios-querem-protagonismo-brasil-no-145600324.html?guccounter=1\">LEIA MAIS&#8230;<\/a><\/p>\n<p>&nbsp;<\/p>\n","protected":false},"excerpt":{"rendered":"<p>Fonte: O Globo De olho na Confer\u00eancia sobre o Clima, a COP 26, que acontece em novembro, na Esc\u00f3cia, um grupo de 107 empresas e 10 entidades setoriais do pa\u00eds pede que o Brasil retome o protagonismo em defesa da agenda verde global e defende metas ambiciosas para a transi\u00e7\u00e3o para uma economia de baixo [&hellip;]<\/p>\n","protected":false},"author":2,"featured_media":0,"comment_status":"open","ping_status":"open","sticky":false,"template":"","format":"standard","meta":{"footnotes":""},"categories":[105],"tags":[],"_links":{"self":[{"href":"https:\/\/acs.org.br\/academy\/wp-json\/wp\/v2\/posts\/100321"}],"collection":[{"href":"https:\/\/acs.org.br\/academy\/wp-json\/wp\/v2\/posts"}],"about":[{"href":"https:\/\/acs.org.br\/academy\/wp-json\/wp\/v2\/types\/post"}],"author":[{"embeddable":true,"href":"https:\/\/acs.org.br\/academy\/wp-json\/wp\/v2\/users\/2"}],"replies":[{"embeddable":true,"href":"https:\/\/acs.org.br\/academy\/wp-json\/wp\/v2\/comments?post=100321"}],"version-history":[{"count":1,"href":"https:\/\/acs.org.br\/academy\/wp-json\/wp\/v2\/posts\/100321\/revisions"}],"predecessor-version":[{"id":100322,"href":"https:\/\/acs.org.br\/academy\/wp-json\/wp\/v2\/posts\/100321\/revisions\/100322"}],"wp:attachment":[{"href":"https:\/\/acs.org.br\/academy\/wp-json\/wp\/v2\/media?parent=100321"}],"wp:term":[{"taxonomy":"category","embeddable":true,"href":"https:\/\/acs.org.br\/academy\/wp-json\/wp\/v2\/categories?post=100321"},{"taxonomy":"post_tag","embeddable":true,"href":"https:\/\/acs.org.br\/academy\/wp-json\/wp\/v2\/tags?post=100321"}],"curies":[{"name":"wp","href":"https:\/\/api.w.org\/{rel}","templated":true}]}}