{"id":100312,"date":"2021-09-28T08:16:05","date_gmt":"2021-09-28T11:16:05","guid":{"rendered":"https:\/\/acs.org.br\/antigo\/?p=100312"},"modified":"2021-09-28T08:16:05","modified_gmt":"2021-09-28T11:16:05","slug":"atualidades-santos-tera-r-450-mi-para-investir","status":"publish","type":"post","link":"https:\/\/acs.org.br\/academy\/atualidades-santos-tera-r-450-mi-para-investir\/","title":{"rendered":"ATUALIDADES: Santos ter\u00e1 R$ 450 mi para investir"},"content":{"rendered":"<p>Fonte: A Tribuna<\/p>\n<p>A Prefeitura de Santos projeta, no Or\u00e7amento do pr\u00f3ximo ano, ter cerca de R$ 450 milh\u00f5es para a realiza\u00e7\u00e3o de investimentos em obras e constru\u00e7\u00e3o de equipamentos municipais.<\/p>\n<p><a href=\"https:\/\/acs.org.br\/antigo\/wp-content\/uploads\/2021\/09\/SANTOS2809.pdf\">LEIA MAIS&#8230;<\/a><\/p>\n<p>&nbsp;<\/p>\n","protected":false},"excerpt":{"rendered":"<p>Fonte: A Tribuna A Prefeitura de Santos projeta, no Or\u00e7amento do pr\u00f3ximo ano, ter cerca de R$ 450 milh\u00f5es para a realiza\u00e7\u00e3o de investimentos em obras e constru\u00e7\u00e3o de equipamentos municipais. LEIA MAIS&#8230; &nbsp;<\/p>\n","protected":false},"author":2,"featured_media":0,"comment_status":"open","ping_status":"open","sticky":false,"template":"","format":"standard","meta":{"footnotes":""},"categories":[105],"tags":[],"_links":{"self":[{"href":"https:\/\/acs.org.br\/academy\/wp-json\/wp\/v2\/posts\/100312"}],"collection":[{"href":"https:\/\/acs.org.br\/academy\/wp-json\/wp\/v2\/posts"}],"about":[{"href":"https:\/\/acs.org.br\/academy\/wp-json\/wp\/v2\/types\/post"}],"author":[{"embeddable":true,"href":"https:\/\/acs.org.br\/academy\/wp-json\/wp\/v2\/users\/2"}],"replies":[{"embeddable":true,"href":"https:\/\/acs.org.br\/academy\/wp-json\/wp\/v2\/comments?post=100312"}],"version-history":[{"count":1,"href":"https:\/\/acs.org.br\/academy\/wp-json\/wp\/v2\/posts\/100312\/revisions"}],"predecessor-version":[{"id":100316,"href":"https:\/\/acs.org.br\/academy\/wp-json\/wp\/v2\/posts\/100312\/revisions\/100316"}],"wp:attachment":[{"href":"https:\/\/acs.org.br\/academy\/wp-json\/wp\/v2\/media?parent=100312"}],"wp:term":[{"taxonomy":"category","embeddable":true,"href":"https:\/\/acs.org.br\/academy\/wp-json\/wp\/v2\/categories?post=100312"},{"taxonomy":"post_tag","embeddable":true,"href":"https:\/\/acs.org.br\/academy\/wp-json\/wp\/v2\/tags?post=100312"}],"curies":[{"name":"wp","href":"https:\/\/api.w.org\/{rel}","templated":true}]}}