{"id":100302,"date":"2021-09-27T11:05:39","date_gmt":"2021-09-27T14:05:39","guid":{"rendered":"https:\/\/acs.org.br\/antigo\/?p=100302"},"modified":"2021-09-27T11:05:39","modified_gmt":"2021-09-27T14:05:39","slug":"cafe-producao-de-cafe-em-sao-paulo-deve-chegar-a-pouco-mais-de-4-milhoes-de-sacas","status":"publish","type":"post","link":"https:\/\/acs.org.br\/academy\/cafe-producao-de-cafe-em-sao-paulo-deve-chegar-a-pouco-mais-de-4-milhoes-de-sacas\/","title":{"rendered":"CAF\u00c9: Produ\u00e7\u00e3o de caf\u00e9 em S\u00e3o Paulo deve chegar a pouco mais de 4 milh\u00f5es de sacas"},"content":{"rendered":"<p>Fonte: Caf\u00e9 Point<\/p>\n<p>Este ano, a produ\u00e7\u00e3o de caf\u00e9 no estado de S\u00e3o Paulo chegou a pouco mais de 4 milh\u00f5es de sacas, sendo exclusivamente do tipo ar\u00e1bica. Quando comparado com a safra anterior, os n\u00fameros mostram uma redu\u00e7\u00e3o de 35,1%.<\/p>\n<p><a href=\"https:\/\/www.cafepoint.com.br\/noticias\/giro-de-noticias\/producao-de-cafe-em-sao-paulo-deve-chegar-a-pouco-mais-de-4-milhoes-de-sacas-227408\/\">LEIA MAIS&#8230;<\/a><\/p>\n<p>&nbsp;<\/p>\n","protected":false},"excerpt":{"rendered":"<p>Fonte: Caf\u00e9 Point Este ano, a produ\u00e7\u00e3o de caf\u00e9 no estado de S\u00e3o Paulo chegou a pouco mais de 4 milh\u00f5es de sacas, sendo exclusivamente do tipo ar\u00e1bica. Quando comparado com a safra anterior, os n\u00fameros mostram uma redu\u00e7\u00e3o de 35,1%. LEIA MAIS&#8230; &nbsp;<\/p>\n","protected":false},"author":3,"featured_media":0,"comment_status":"open","ping_status":"open","sticky":false,"template":"","format":"standard","meta":{"footnotes":""},"categories":[105],"tags":[],"_links":{"self":[{"href":"https:\/\/acs.org.br\/academy\/wp-json\/wp\/v2\/posts\/100302"}],"collection":[{"href":"https:\/\/acs.org.br\/academy\/wp-json\/wp\/v2\/posts"}],"about":[{"href":"https:\/\/acs.org.br\/academy\/wp-json\/wp\/v2\/types\/post"}],"author":[{"embeddable":true,"href":"https:\/\/acs.org.br\/academy\/wp-json\/wp\/v2\/users\/3"}],"replies":[{"embeddable":true,"href":"https:\/\/acs.org.br\/academy\/wp-json\/wp\/v2\/comments?post=100302"}],"version-history":[{"count":1,"href":"https:\/\/acs.org.br\/academy\/wp-json\/wp\/v2\/posts\/100302\/revisions"}],"predecessor-version":[{"id":100303,"href":"https:\/\/acs.org.br\/academy\/wp-json\/wp\/v2\/posts\/100302\/revisions\/100303"}],"wp:attachment":[{"href":"https:\/\/acs.org.br\/academy\/wp-json\/wp\/v2\/media?parent=100302"}],"wp:term":[{"taxonomy":"category","embeddable":true,"href":"https:\/\/acs.org.br\/academy\/wp-json\/wp\/v2\/categories?post=100302"},{"taxonomy":"post_tag","embeddable":true,"href":"https:\/\/acs.org.br\/academy\/wp-json\/wp\/v2\/tags?post=100302"}],"curies":[{"name":"wp","href":"https:\/\/api.w.org\/{rel}","templated":true}]}}