{"id":100291,"date":"2021-09-27T10:35:35","date_gmt":"2021-09-27T13:35:35","guid":{"rendered":"https:\/\/acs.org.br\/antigo\/?p=100291"},"modified":"2021-09-27T10:42:07","modified_gmt":"2021-09-27T13:42:07","slug":"economia-grandes-empresas-pedem-protagonismo-do-brasil-na-agenda-ambiental","status":"publish","type":"post","link":"https:\/\/acs.org.br\/academy\/economia-grandes-empresas-pedem-protagonismo-do-brasil-na-agenda-ambiental\/","title":{"rendered":"ECONOMIA: Grandes empresas pedem protagonismo do Brasil na agenda ambiental"},"content":{"rendered":"<p>Fonte: G1<\/p>\n<p>Um grupo de 107 empresas e 10 entidades setoriais assinou uma carta defendendo &#8220;objetivos clim\u00e1ticos ambiciosos&#8221; e o &#8220;protagonismo&#8221; do Brasil na defesa contra o agravamento e os efeitos das mudan\u00e7as clim\u00e1ticas.<\/p>\n<p><a href=\"https:\/\/g1.globo.com\/economia\/noticia\/2021\/09\/27\/grandes-empresas-brasileiras-pedem-protagonismo-do-brasil-na-agenda-ambiental.ghtml\">LEIA MAIS&#8230;<\/a><\/p>\n<p>&nbsp;<\/p>\n","protected":false},"excerpt":{"rendered":"<p>Fonte: G1 Um grupo de 107 empresas e 10 entidades setoriais assinou uma carta defendendo &#8220;objetivos clim\u00e1ticos ambiciosos&#8221; e o &#8220;protagonismo&#8221; do Brasil na defesa contra o agravamento e os efeitos das mudan\u00e7as clim\u00e1ticas. LEIA MAIS&#8230; &nbsp;<\/p>\n","protected":false},"author":3,"featured_media":100293,"comment_status":"open","ping_status":"open","sticky":false,"template":"","format":"standard","meta":{"footnotes":""},"categories":[105],"tags":[],"_links":{"self":[{"href":"https:\/\/acs.org.br\/academy\/wp-json\/wp\/v2\/posts\/100291"}],"collection":[{"href":"https:\/\/acs.org.br\/academy\/wp-json\/wp\/v2\/posts"}],"about":[{"href":"https:\/\/acs.org.br\/academy\/wp-json\/wp\/v2\/types\/post"}],"author":[{"embeddable":true,"href":"https:\/\/acs.org.br\/academy\/wp-json\/wp\/v2\/users\/3"}],"replies":[{"embeddable":true,"href":"https:\/\/acs.org.br\/academy\/wp-json\/wp\/v2\/comments?post=100291"}],"version-history":[{"count":1,"href":"https:\/\/acs.org.br\/academy\/wp-json\/wp\/v2\/posts\/100291\/revisions"}],"predecessor-version":[{"id":100292,"href":"https:\/\/acs.org.br\/academy\/wp-json\/wp\/v2\/posts\/100291\/revisions\/100292"}],"wp:featuredmedia":[{"embeddable":true,"href":"https:\/\/acs.org.br\/academy\/wp-json\/wp\/v2\/media\/100293"}],"wp:attachment":[{"href":"https:\/\/acs.org.br\/academy\/wp-json\/wp\/v2\/media?parent=100291"}],"wp:term":[{"taxonomy":"category","embeddable":true,"href":"https:\/\/acs.org.br\/academy\/wp-json\/wp\/v2\/categories?post=100291"},{"taxonomy":"post_tag","embeddable":true,"href":"https:\/\/acs.org.br\/academy\/wp-json\/wp\/v2\/tags?post=100291"}],"curies":[{"name":"wp","href":"https:\/\/api.w.org\/{rel}","templated":true}]}}