{"id":100288,"date":"2021-09-27T10:19:25","date_gmt":"2021-09-27T13:19:25","guid":{"rendered":"https:\/\/acs.org.br\/antigo\/?p=100288"},"modified":"2021-09-27T10:32:26","modified_gmt":"2021-09-27T13:32:26","slug":"saude-covid-no-brasil-por-que-ultimos-dias-de-setembro-sao-decisivos-para-futuro-da-pandemia","status":"publish","type":"post","link":"https:\/\/acs.org.br\/academy\/saude-covid-no-brasil-por-que-ultimos-dias-de-setembro-sao-decisivos-para-futuro-da-pandemia\/","title":{"rendered":"SA\u00daDE: Covid no Brasil: por que \u00faltimos dias de setembro s\u00e3o decisivos para futuro da pandemia"},"content":{"rendered":"<p>Fonte: G1 \/ BBC Brasil<\/p>\n<p>O final de setembro \u00e9 marcado pelo fim do inverno e o in\u00edcio da primavera no Hemisf\u00e9rio Sul. Mas, em 2021, esse per\u00edodo tamb\u00e9m pode estar relacionado a outra mudan\u00e7a significativa, ao menos no Brasil: especialistas indicam que os pr\u00f3ximos dias ser\u00e3o decisivos para entender o futuro da pandemia de covid-19 por aqui.<\/p>\n<p><a href=\"https:\/\/g1.globo.com\/saude\/coronavirus\/noticia\/2021\/09\/27\/covid-no-brasil-por-que-ultimos-dias-de-setembro-sao-decisivos-para-futuro-da-pandemia.ghtml\">LEIA MAIS&#8230;<\/a><\/p>\n<p>&nbsp;<\/p>\n","protected":false},"excerpt":{"rendered":"<p>Fonte: G1 \/ BBC Brasil O final de setembro \u00e9 marcado pelo fim do inverno e o in\u00edcio da primavera no Hemisf\u00e9rio Sul. Mas, em 2021, esse per\u00edodo tamb\u00e9m pode estar relacionado a outra mudan\u00e7a significativa, ao menos no Brasil: especialistas indicam que os pr\u00f3ximos dias ser\u00e3o decisivos para entender o futuro da pandemia de [&hellip;]<\/p>\n","protected":false},"author":3,"featured_media":100290,"comment_status":"open","ping_status":"open","sticky":false,"template":"","format":"standard","meta":{"footnotes":""},"categories":[105],"tags":[],"_links":{"self":[{"href":"https:\/\/acs.org.br\/academy\/wp-json\/wp\/v2\/posts\/100288"}],"collection":[{"href":"https:\/\/acs.org.br\/academy\/wp-json\/wp\/v2\/posts"}],"about":[{"href":"https:\/\/acs.org.br\/academy\/wp-json\/wp\/v2\/types\/post"}],"author":[{"embeddable":true,"href":"https:\/\/acs.org.br\/academy\/wp-json\/wp\/v2\/users\/3"}],"replies":[{"embeddable":true,"href":"https:\/\/acs.org.br\/academy\/wp-json\/wp\/v2\/comments?post=100288"}],"version-history":[{"count":1,"href":"https:\/\/acs.org.br\/academy\/wp-json\/wp\/v2\/posts\/100288\/revisions"}],"predecessor-version":[{"id":100289,"href":"https:\/\/acs.org.br\/academy\/wp-json\/wp\/v2\/posts\/100288\/revisions\/100289"}],"wp:featuredmedia":[{"embeddable":true,"href":"https:\/\/acs.org.br\/academy\/wp-json\/wp\/v2\/media\/100290"}],"wp:attachment":[{"href":"https:\/\/acs.org.br\/academy\/wp-json\/wp\/v2\/media?parent=100288"}],"wp:term":[{"taxonomy":"category","embeddable":true,"href":"https:\/\/acs.org.br\/academy\/wp-json\/wp\/v2\/categories?post=100288"},{"taxonomy":"post_tag","embeddable":true,"href":"https:\/\/acs.org.br\/academy\/wp-json\/wp\/v2\/tags?post=100288"}],"curies":[{"name":"wp","href":"https:\/\/api.w.org\/{rel}","templated":true}]}}