{"id":100286,"date":"2021-09-27T10:15:49","date_gmt":"2021-09-27T13:15:49","guid":{"rendered":"https:\/\/acs.org.br\/antigo\/?p=100286"},"modified":"2021-09-27T10:15:49","modified_gmt":"2021-09-27T13:15:49","slug":"atualidades-km-655-da-rodovia-dos-imigrantes-sera-interditado-nesta-segunda-feira","status":"publish","type":"post","link":"https:\/\/acs.org.br\/academy\/atualidades-km-655-da-rodovia-dos-imigrantes-sera-interditado-nesta-segunda-feira\/","title":{"rendered":"ATUALIDADES: Km 65,5 da Rodovia dos Imigrantes ser\u00e1 interditado nesta segunda-feira"},"content":{"rendered":"<p>Fonte: Santa Portal<\/p>\n<p>Nesta segunda-feira (27), ser\u00e3o interditados o acesso e a sa\u00edda do Km 65,5 da Rodovia dos Imigrantes, na altura do bairro Vila Margarida, em S\u00e3o Vicente. O fechamento se deve ao in\u00edcio das obras de recupera\u00e7\u00e3o do asfalto no cruzamento das avenidas Manoel de Abreu e Jo\u00e3o Francisco Bensdorp.<\/p>\n<p><a href=\"https:\/\/santaportal.com.br\/baixada\/km-655-da-rodovia-dos-imigrantes-sera-interditado-nesta-segunda-feira\/\">LEIA MAIS&#8230;<\/a><\/p>\n","protected":false},"excerpt":{"rendered":"<p>Fonte: Santa Portal Nesta segunda-feira (27), ser\u00e3o interditados o acesso e a sa\u00edda do Km 65,5 da Rodovia dos Imigrantes, na altura do bairro Vila Margarida, em S\u00e3o Vicente. O fechamento se deve ao in\u00edcio das obras de recupera\u00e7\u00e3o do asfalto no cruzamento das avenidas Manoel de Abreu e Jo\u00e3o Francisco Bensdorp. LEIA MAIS&#8230;<\/p>\n","protected":false},"author":3,"featured_media":0,"comment_status":"open","ping_status":"open","sticky":false,"template":"","format":"standard","meta":{"footnotes":""},"categories":[105],"tags":[],"_links":{"self":[{"href":"https:\/\/acs.org.br\/academy\/wp-json\/wp\/v2\/posts\/100286"}],"collection":[{"href":"https:\/\/acs.org.br\/academy\/wp-json\/wp\/v2\/posts"}],"about":[{"href":"https:\/\/acs.org.br\/academy\/wp-json\/wp\/v2\/types\/post"}],"author":[{"embeddable":true,"href":"https:\/\/acs.org.br\/academy\/wp-json\/wp\/v2\/users\/3"}],"replies":[{"embeddable":true,"href":"https:\/\/acs.org.br\/academy\/wp-json\/wp\/v2\/comments?post=100286"}],"version-history":[{"count":1,"href":"https:\/\/acs.org.br\/academy\/wp-json\/wp\/v2\/posts\/100286\/revisions"}],"predecessor-version":[{"id":100287,"href":"https:\/\/acs.org.br\/academy\/wp-json\/wp\/v2\/posts\/100286\/revisions\/100287"}],"wp:attachment":[{"href":"https:\/\/acs.org.br\/academy\/wp-json\/wp\/v2\/media?parent=100286"}],"wp:term":[{"taxonomy":"category","embeddable":true,"href":"https:\/\/acs.org.br\/academy\/wp-json\/wp\/v2\/categories?post=100286"},{"taxonomy":"post_tag","embeddable":true,"href":"https:\/\/acs.org.br\/academy\/wp-json\/wp\/v2\/tags?post=100286"}],"curies":[{"name":"wp","href":"https:\/\/api.w.org\/{rel}","templated":true}]}}