{"id":100269,"date":"2021-09-27T08:32:59","date_gmt":"2021-09-27T11:32:59","guid":{"rendered":"https:\/\/acs.org.br\/antigo\/?p=100269"},"modified":"2021-09-27T08:32:59","modified_gmt":"2021-09-27T11:32:59","slug":"saude-sequelas-da-covid-garantem-beneficios","status":"publish","type":"post","link":"https:\/\/acs.org.br\/academy\/saude-sequelas-da-covid-garantem-beneficios\/","title":{"rendered":"SA\u00daDE: Sequelas da covid garantem benef\u00edcios"},"content":{"rendered":"<p>Fonte: A Tribuna<\/p>\n<p>Levantamento do Minist\u00e9rio do Trabalho e Previd\u00eancia revelou que foram concedidos 81.149 aux\u00edlios por incapacidade tempor\u00e1ria, por conta da infec\u00e7\u00e3o pelo coronav\u00edrus, de janeiro a agosto de 2021.<\/p>\n<p><a href=\"https:\/\/acs.org.br\/antigo\/wp-content\/uploads\/2021\/09\/COVID2709.pdf\">LEIA MAIS&#8230;<\/a><\/p>\n","protected":false},"excerpt":{"rendered":"<p>Fonte: A Tribuna Levantamento do Minist\u00e9rio do Trabalho e Previd\u00eancia revelou que foram concedidos 81.149 aux\u00edlios por incapacidade tempor\u00e1ria, por conta da infec\u00e7\u00e3o pelo coronav\u00edrus, de janeiro a agosto de 2021. LEIA MAIS&#8230;<\/p>\n","protected":false},"author":2,"featured_media":0,"comment_status":"open","ping_status":"open","sticky":false,"template":"","format":"standard","meta":{"footnotes":""},"categories":[105],"tags":[],"_links":{"self":[{"href":"https:\/\/acs.org.br\/academy\/wp-json\/wp\/v2\/posts\/100269"}],"collection":[{"href":"https:\/\/acs.org.br\/academy\/wp-json\/wp\/v2\/posts"}],"about":[{"href":"https:\/\/acs.org.br\/academy\/wp-json\/wp\/v2\/types\/post"}],"author":[{"embeddable":true,"href":"https:\/\/acs.org.br\/academy\/wp-json\/wp\/v2\/users\/2"}],"replies":[{"embeddable":true,"href":"https:\/\/acs.org.br\/academy\/wp-json\/wp\/v2\/comments?post=100269"}],"version-history":[{"count":1,"href":"https:\/\/acs.org.br\/academy\/wp-json\/wp\/v2\/posts\/100269\/revisions"}],"predecessor-version":[{"id":100271,"href":"https:\/\/acs.org.br\/academy\/wp-json\/wp\/v2\/posts\/100269\/revisions\/100271"}],"wp:attachment":[{"href":"https:\/\/acs.org.br\/academy\/wp-json\/wp\/v2\/media?parent=100269"}],"wp:term":[{"taxonomy":"category","embeddable":true,"href":"https:\/\/acs.org.br\/academy\/wp-json\/wp\/v2\/categories?post=100269"},{"taxonomy":"post_tag","embeddable":true,"href":"https:\/\/acs.org.br\/academy\/wp-json\/wp\/v2\/tags?post=100269"}],"curies":[{"name":"wp","href":"https:\/\/api.w.org\/{rel}","templated":true}]}}