{"id":100266,"date":"2021-09-27T08:32:14","date_gmt":"2021-09-27T11:32:14","guid":{"rendered":"https:\/\/acs.org.br\/antigo\/?p=100266"},"modified":"2021-09-27T11:24:48","modified_gmt":"2021-09-27T14:24:48","slug":"porto-novo-terminal-preocupa-especialistas","status":"publish","type":"post","link":"https:\/\/acs.org.br\/academy\/porto-novo-terminal-preocupa-especialistas\/","title":{"rendered":"PORTO: Novo terminal preocupa especialistas"},"content":{"rendered":"<p>Fonte: A Tribuna<\/p>\n<p>Os planos do Governo Federal de implantar um terminal destinado \u00e0 movimenta\u00e7\u00e3o de gran\u00e9is s\u00f3lidos minerais na regi\u00e3o de Outeirinhos, no Porto de Santos, preocupa especialistas, autoridades e os respons\u00e1veis pelas opera\u00e7\u00f5es de navios de passageiros<\/p>\n<p><a href=\"https:\/\/acs.org.br\/antigo\/wp-content\/uploads\/2021\/09\/PORTO2609.pdf\">LEIA MAIS&#8230;<\/a><\/p>\n<p>&nbsp;<\/p>\n","protected":false},"excerpt":{"rendered":"<p>Fonte: A Tribuna Os planos do Governo Federal de implantar um terminal destinado \u00e0 movimenta\u00e7\u00e3o de gran\u00e9is s\u00f3lidos minerais na regi\u00e3o de Outeirinhos, no Porto de Santos, preocupa especialistas, autoridades e os respons\u00e1veis pelas opera\u00e7\u00f5es de navios de passageiros LEIA MAIS&#8230; &nbsp;<\/p>\n","protected":false},"author":2,"featured_media":100308,"comment_status":"open","ping_status":"open","sticky":false,"template":"","format":"standard","meta":{"footnotes":""},"categories":[105],"tags":[],"_links":{"self":[{"href":"https:\/\/acs.org.br\/academy\/wp-json\/wp\/v2\/posts\/100266"}],"collection":[{"href":"https:\/\/acs.org.br\/academy\/wp-json\/wp\/v2\/posts"}],"about":[{"href":"https:\/\/acs.org.br\/academy\/wp-json\/wp\/v2\/types\/post"}],"author":[{"embeddable":true,"href":"https:\/\/acs.org.br\/academy\/wp-json\/wp\/v2\/users\/2"}],"replies":[{"embeddable":true,"href":"https:\/\/acs.org.br\/academy\/wp-json\/wp\/v2\/comments?post=100266"}],"version-history":[{"count":1,"href":"https:\/\/acs.org.br\/academy\/wp-json\/wp\/v2\/posts\/100266\/revisions"}],"predecessor-version":[{"id":100268,"href":"https:\/\/acs.org.br\/academy\/wp-json\/wp\/v2\/posts\/100266\/revisions\/100268"}],"wp:featuredmedia":[{"embeddable":true,"href":"https:\/\/acs.org.br\/academy\/wp-json\/wp\/v2\/media\/100308"}],"wp:attachment":[{"href":"https:\/\/acs.org.br\/academy\/wp-json\/wp\/v2\/media?parent=100266"}],"wp:term":[{"taxonomy":"category","embeddable":true,"href":"https:\/\/acs.org.br\/academy\/wp-json\/wp\/v2\/categories?post=100266"},{"taxonomy":"post_tag","embeddable":true,"href":"https:\/\/acs.org.br\/academy\/wp-json\/wp\/v2\/tags?post=100266"}],"curies":[{"name":"wp","href":"https:\/\/api.w.org\/{rel}","templated":true}]}}