{"id":100260,"date":"2021-09-27T08:29:12","date_gmt":"2021-09-27T11:29:12","guid":{"rendered":"https:\/\/acs.org.br\/antigo\/?p=100260"},"modified":"2021-09-27T11:17:31","modified_gmt":"2021-09-27T14:17:31","slug":"porto-governo-quer-iniciar-melhorias-na-malha-ferroviaria-do-porto-em-2022","status":"publish","type":"post","link":"https:\/\/acs.org.br\/academy\/porto-governo-quer-iniciar-melhorias-na-malha-ferroviaria-do-porto-em-2022\/","title":{"rendered":"PORTO: Governo quer iniciar melhorias na malha ferrovi\u00e1ria do Porto em 2022"},"content":{"rendered":"<p>Fonte: A Tribuna<\/p>\n<p>A malha ferrovi\u00e1ria que passa dentro do Porto de Santos ter\u00e1, j\u00e1 no ano que vem, as primeiras obras feitas pelo cons\u00f3rcio de empresas que vai assumir a sua gest\u00e3o<\/p>\n<p><a href=\"https:\/\/acs.org.br\/antigo\/wp-content\/uploads\/2021\/09\/PORTO2509_01.pdf\">LEIA MAIS&#8230;<\/a><\/p>\n","protected":false},"excerpt":{"rendered":"<p>Fonte: A Tribuna A malha ferrovi\u00e1ria que passa dentro do Porto de Santos ter\u00e1, j\u00e1 no ano que vem, as primeiras obras feitas pelo cons\u00f3rcio de empresas que vai assumir a sua gest\u00e3o LEIA MAIS&#8230;<\/p>\n","protected":false},"author":2,"featured_media":0,"comment_status":"open","ping_status":"open","sticky":false,"template":"","format":"standard","meta":{"footnotes":""},"categories":[105],"tags":[],"_links":{"self":[{"href":"https:\/\/acs.org.br\/academy\/wp-json\/wp\/v2\/posts\/100260"}],"collection":[{"href":"https:\/\/acs.org.br\/academy\/wp-json\/wp\/v2\/posts"}],"about":[{"href":"https:\/\/acs.org.br\/academy\/wp-json\/wp\/v2\/types\/post"}],"author":[{"embeddable":true,"href":"https:\/\/acs.org.br\/academy\/wp-json\/wp\/v2\/users\/2"}],"replies":[{"embeddable":true,"href":"https:\/\/acs.org.br\/academy\/wp-json\/wp\/v2\/comments?post=100260"}],"version-history":[{"count":7,"href":"https:\/\/acs.org.br\/academy\/wp-json\/wp\/v2\/posts\/100260\/revisions"}],"predecessor-version":[{"id":100307,"href":"https:\/\/acs.org.br\/academy\/wp-json\/wp\/v2\/posts\/100260\/revisions\/100307"}],"wp:attachment":[{"href":"https:\/\/acs.org.br\/academy\/wp-json\/wp\/v2\/media?parent=100260"}],"wp:term":[{"taxonomy":"category","embeddable":true,"href":"https:\/\/acs.org.br\/academy\/wp-json\/wp\/v2\/categories?post=100260"},{"taxonomy":"post_tag","embeddable":true,"href":"https:\/\/acs.org.br\/academy\/wp-json\/wp\/v2\/tags?post=100260"}],"curies":[{"name":"wp","href":"https:\/\/api.w.org\/{rel}","templated":true}]}}