{"id":100257,"date":"2021-09-27T08:26:50","date_gmt":"2021-09-27T11:26:50","guid":{"rendered":"https:\/\/acs.org.br\/antigo\/?p=100257"},"modified":"2021-09-27T08:26:50","modified_gmt":"2021-09-27T11:26:50","slug":"tecnologia-leilao-do-5g-sera-realizado-em-novembro","status":"publish","type":"post","link":"https:\/\/acs.org.br\/academy\/tecnologia-leilao-do-5g-sera-realizado-em-novembro\/","title":{"rendered":"TECNOLOGIA: Leil\u00e3o do 5G ser\u00e1 realizado em novembro"},"content":{"rendered":"<p>Fonte: A Tribuna<\/p>\n<p>O conselho da Ag\u00eancia Nacional de Telecomunica\u00e7\u00f5es (Anatel)aprovou a vers\u00e3o definitiva do edital para concess\u00e3o das faixas por onde vai transitar o sinal do 5G e marcou o leil\u00e3o dos ativos para 4 de novembro<\/p>\n<p><a href=\"https:\/\/acs.org.br\/antigo\/wp-content\/uploads\/2021\/09\/5G.pdf\">LEIA MAIS&#8230;<\/a><\/p>\n<p>&nbsp;<\/p>\n","protected":false},"excerpt":{"rendered":"<p>Fonte: A Tribuna O conselho da Ag\u00eancia Nacional de Telecomunica\u00e7\u00f5es (Anatel)aprovou a vers\u00e3o definitiva do edital para concess\u00e3o das faixas por onde vai transitar o sinal do 5G e marcou o leil\u00e3o dos ativos para 4 de novembro LEIA MAIS&#8230; &nbsp;<\/p>\n","protected":false},"author":2,"featured_media":0,"comment_status":"open","ping_status":"open","sticky":false,"template":"","format":"standard","meta":{"footnotes":""},"categories":[105],"tags":[],"_links":{"self":[{"href":"https:\/\/acs.org.br\/academy\/wp-json\/wp\/v2\/posts\/100257"}],"collection":[{"href":"https:\/\/acs.org.br\/academy\/wp-json\/wp\/v2\/posts"}],"about":[{"href":"https:\/\/acs.org.br\/academy\/wp-json\/wp\/v2\/types\/post"}],"author":[{"embeddable":true,"href":"https:\/\/acs.org.br\/academy\/wp-json\/wp\/v2\/users\/2"}],"replies":[{"embeddable":true,"href":"https:\/\/acs.org.br\/academy\/wp-json\/wp\/v2\/comments?post=100257"}],"version-history":[{"count":1,"href":"https:\/\/acs.org.br\/academy\/wp-json\/wp\/v2\/posts\/100257\/revisions"}],"predecessor-version":[{"id":100259,"href":"https:\/\/acs.org.br\/academy\/wp-json\/wp\/v2\/posts\/100257\/revisions\/100259"}],"wp:attachment":[{"href":"https:\/\/acs.org.br\/academy\/wp-json\/wp\/v2\/media?parent=100257"}],"wp:term":[{"taxonomy":"category","embeddable":true,"href":"https:\/\/acs.org.br\/academy\/wp-json\/wp\/v2\/categories?post=100257"},{"taxonomy":"post_tag","embeddable":true,"href":"https:\/\/acs.org.br\/academy\/wp-json\/wp\/v2\/tags?post=100257"}],"curies":[{"name":"wp","href":"https:\/\/api.w.org\/{rel}","templated":true}]}}