{"id":100251,"date":"2021-09-24T12:57:26","date_gmt":"2021-09-24T15:57:26","guid":{"rendered":"https:\/\/acs.org.br\/antigo\/?p=100251"},"modified":"2021-09-24T12:57:45","modified_gmt":"2021-09-24T15:57:45","slug":"cafe-museu-do-cafe-discute-atuacao-da-mulher-no-setor-cafeeiro-em-evento-virtual","status":"publish","type":"post","link":"https:\/\/acs.org.br\/academy\/cafe-museu-do-cafe-discute-atuacao-da-mulher-no-setor-cafeeiro-em-evento-virtual\/","title":{"rendered":"CAF\u00c9: Museu do Caf\u00e9 discute atua\u00e7\u00e3o da mulher no setor cafeeiro em evento virtual"},"content":{"rendered":"<p>Fonte: Caf\u00e9 Point<\/p>\n<p>Com o intuito de destacar o papel da mulher na hist\u00f3ria do gr\u00e3o, o Museu do Caf\u00e9 inaugurou, no m\u00eas de julho deste ano, a exposi\u00e7\u00e3o tempor\u00e1ria \u201cO Feminino no Caf\u00e9, 1870-1930\u201d. Para completar a vis\u00e3o hist\u00f3rica proporcionada pela mostra, o Museu promover\u00e1 o webin\u00e1rio \u201cO Feminino no Caf\u00e9 Hoje\u201d, nos dias 29 e 30 de setembro, das 15h \u00e0s 18h, pelo YouTube da institui\u00e7\u00e3o. O evento tem o apoio da Alian\u00e7a Internacional das Mulheres do Caf\u00e9 (IWCA Brasil) e da Associa\u00e7\u00e3o Brasileira de Caf\u00e9s Especiais (BSCA).<\/p>\n<p><a href=\"https:\/\/www.cafepoint.com.br\/noticias\/agenda-do-produtor\/museu-do-cafe-discute-atuacao-da-mulher-no-setor-cafeeiro-em-evento-virtual-227401\/\">LEIA MAIS&#8230;<\/a><\/p>\n<p>&nbsp;<\/p>\n","protected":false},"excerpt":{"rendered":"<p>Fonte: Caf\u00e9 Point Com o intuito de destacar o papel da mulher na hist\u00f3ria do gr\u00e3o, o Museu do Caf\u00e9 inaugurou, no m\u00eas de julho deste ano, a exposi\u00e7\u00e3o tempor\u00e1ria \u201cO Feminino no Caf\u00e9, 1870-1930\u201d. Para completar a vis\u00e3o hist\u00f3rica proporcionada pela mostra, o Museu promover\u00e1 o webin\u00e1rio \u201cO Feminino no Caf\u00e9 Hoje\u201d, nos dias [&hellip;]<\/p>\n","protected":false},"author":3,"featured_media":0,"comment_status":"open","ping_status":"open","sticky":false,"template":"","format":"standard","meta":{"footnotes":""},"categories":[105],"tags":[],"_links":{"self":[{"href":"https:\/\/acs.org.br\/academy\/wp-json\/wp\/v2\/posts\/100251"}],"collection":[{"href":"https:\/\/acs.org.br\/academy\/wp-json\/wp\/v2\/posts"}],"about":[{"href":"https:\/\/acs.org.br\/academy\/wp-json\/wp\/v2\/types\/post"}],"author":[{"embeddable":true,"href":"https:\/\/acs.org.br\/academy\/wp-json\/wp\/v2\/users\/3"}],"replies":[{"embeddable":true,"href":"https:\/\/acs.org.br\/academy\/wp-json\/wp\/v2\/comments?post=100251"}],"version-history":[{"count":1,"href":"https:\/\/acs.org.br\/academy\/wp-json\/wp\/v2\/posts\/100251\/revisions"}],"predecessor-version":[{"id":100252,"href":"https:\/\/acs.org.br\/academy\/wp-json\/wp\/v2\/posts\/100251\/revisions\/100252"}],"wp:attachment":[{"href":"https:\/\/acs.org.br\/academy\/wp-json\/wp\/v2\/media?parent=100251"}],"wp:term":[{"taxonomy":"category","embeddable":true,"href":"https:\/\/acs.org.br\/academy\/wp-json\/wp\/v2\/categories?post=100251"},{"taxonomy":"post_tag","embeddable":true,"href":"https:\/\/acs.org.br\/academy\/wp-json\/wp\/v2\/tags?post=100251"}],"curies":[{"name":"wp","href":"https:\/\/api.w.org\/{rel}","templated":true}]}}