{"id":100249,"date":"2021-09-24T12:56:18","date_gmt":"2021-09-24T15:56:18","guid":{"rendered":"https:\/\/acs.org.br\/antigo\/?p=100249"},"modified":"2021-09-24T12:56:18","modified_gmt":"2021-09-24T15:56:18","slug":"cafe-entidades-do-agronegocio-buscam-solucoes-para-entraves-logisticos","status":"publish","type":"post","link":"https:\/\/acs.org.br\/academy\/cafe-entidades-do-agronegocio-buscam-solucoes-para-entraves-logisticos\/","title":{"rendered":"CAF\u00c9: Entidades do agroneg\u00f3cio buscam solu\u00e7\u00f5es para entraves log\u00edsticos"},"content":{"rendered":"<p>Fonte: Caf\u00e9 Point<\/p>\n<p>Na \u00faltima quarta-feira (22), o Conselho dos Exportadores de Caf\u00e9 do Brasil (Cecaf\u00e9) participou, em Bras\u00edlia (DF), de uma reuni\u00e3o com o secret\u00e1rio de Desenvolvimento da Infraestrutura do Minist\u00e9rio da Economia, Gustavo Ene, sugerida pelo Instituto Pensar Agro (IPA) e pela Frente Parlamentar da Agropecu\u00e1ria (FPA), que tamb\u00e9m contou com a presen\u00e7a de outras entidades setoriais.<\/p>\n<p><a href=\"https:\/\/www.cafepoint.com.br\/noticias\/giro-de-noticias\/entidades-do-agronegocio-buscam-solucoes-para-entraves-logisticos-227384\/\">LEIA MAIS&#8230;<\/a><\/p>\n<p>&nbsp;<\/p>\n","protected":false},"excerpt":{"rendered":"<p>Fonte: Caf\u00e9 Point Na \u00faltima quarta-feira (22), o Conselho dos Exportadores de Caf\u00e9 do Brasil (Cecaf\u00e9) participou, em Bras\u00edlia (DF), de uma reuni\u00e3o com o secret\u00e1rio de Desenvolvimento da Infraestrutura do Minist\u00e9rio da Economia, Gustavo Ene, sugerida pelo Instituto Pensar Agro (IPA) e pela Frente Parlamentar da Agropecu\u00e1ria (FPA), que tamb\u00e9m contou com a presen\u00e7a [&hellip;]<\/p>\n","protected":false},"author":3,"featured_media":0,"comment_status":"open","ping_status":"open","sticky":false,"template":"","format":"standard","meta":{"footnotes":""},"categories":[105],"tags":[],"_links":{"self":[{"href":"https:\/\/acs.org.br\/academy\/wp-json\/wp\/v2\/posts\/100249"}],"collection":[{"href":"https:\/\/acs.org.br\/academy\/wp-json\/wp\/v2\/posts"}],"about":[{"href":"https:\/\/acs.org.br\/academy\/wp-json\/wp\/v2\/types\/post"}],"author":[{"embeddable":true,"href":"https:\/\/acs.org.br\/academy\/wp-json\/wp\/v2\/users\/3"}],"replies":[{"embeddable":true,"href":"https:\/\/acs.org.br\/academy\/wp-json\/wp\/v2\/comments?post=100249"}],"version-history":[{"count":1,"href":"https:\/\/acs.org.br\/academy\/wp-json\/wp\/v2\/posts\/100249\/revisions"}],"predecessor-version":[{"id":100250,"href":"https:\/\/acs.org.br\/academy\/wp-json\/wp\/v2\/posts\/100249\/revisions\/100250"}],"wp:attachment":[{"href":"https:\/\/acs.org.br\/academy\/wp-json\/wp\/v2\/media?parent=100249"}],"wp:term":[{"taxonomy":"category","embeddable":true,"href":"https:\/\/acs.org.br\/academy\/wp-json\/wp\/v2\/categories?post=100249"},{"taxonomy":"post_tag","embeddable":true,"href":"https:\/\/acs.org.br\/academy\/wp-json\/wp\/v2\/tags?post=100249"}],"curies":[{"name":"wp","href":"https:\/\/api.w.org\/{rel}","templated":true}]}}