{"id":100238,"date":"2021-09-24T12:09:33","date_gmt":"2021-09-24T15:09:33","guid":{"rendered":"https:\/\/acs.org.br\/antigo\/?p=100238"},"modified":"2021-09-24T12:09:33","modified_gmt":"2021-09-24T15:09:33","slug":"saude-santos-nao-antecipa-pfizer-mas-continua-vacinando-contra-a-covid-19","status":"publish","type":"post","link":"https:\/\/acs.org.br\/academy\/saude-santos-nao-antecipa-pfizer-mas-continua-vacinando-contra-a-covid-19\/","title":{"rendered":"SA\u00daDE: Santos n\u00e3o antecipa Pfizer, mas continua vacinando contra a covid-19"},"content":{"rendered":"<p>Fonte: Santa Portal<\/p>\n<p>Santos continuar\u00e1 vacinando a popula\u00e7\u00e3o contra a covid-19 nesta sexta-feira (24) com os tr\u00eas imunizantes que est\u00e3o dispon\u00edveis na cidade para p\u00fablicos determinados pelo Estado. Nesta sexta e no fim de semana, o Munic\u00edpio seguir\u00e1 o intervalo de 12 semanas entre a primeira e a segunda dose do imunizante Pfizer.<\/p>\n<p><a href=\"https:\/\/santaportal.com.br\/baixada\/santos-nao-antecipa-pfizer-mas-continua-vacinando-contra-a-covid-19\/\">LEIA MAIS&#8230;<\/a><\/p>\n","protected":false},"excerpt":{"rendered":"<p>Fonte: Santa Portal Santos continuar\u00e1 vacinando a popula\u00e7\u00e3o contra a covid-19 nesta sexta-feira (24) com os tr\u00eas imunizantes que est\u00e3o dispon\u00edveis na cidade para p\u00fablicos determinados pelo Estado. Nesta sexta e no fim de semana, o Munic\u00edpio seguir\u00e1 o intervalo de 12 semanas entre a primeira e a segunda dose do imunizante Pfizer. LEIA MAIS&#8230;<\/p>\n","protected":false},"author":3,"featured_media":100239,"comment_status":"open","ping_status":"open","sticky":false,"template":"","format":"standard","meta":{"footnotes":""},"categories":[105],"tags":[],"_links":{"self":[{"href":"https:\/\/acs.org.br\/academy\/wp-json\/wp\/v2\/posts\/100238"}],"collection":[{"href":"https:\/\/acs.org.br\/academy\/wp-json\/wp\/v2\/posts"}],"about":[{"href":"https:\/\/acs.org.br\/academy\/wp-json\/wp\/v2\/types\/post"}],"author":[{"embeddable":true,"href":"https:\/\/acs.org.br\/academy\/wp-json\/wp\/v2\/users\/3"}],"replies":[{"embeddable":true,"href":"https:\/\/acs.org.br\/academy\/wp-json\/wp\/v2\/comments?post=100238"}],"version-history":[{"count":1,"href":"https:\/\/acs.org.br\/academy\/wp-json\/wp\/v2\/posts\/100238\/revisions"}],"predecessor-version":[{"id":100240,"href":"https:\/\/acs.org.br\/academy\/wp-json\/wp\/v2\/posts\/100238\/revisions\/100240"}],"wp:featuredmedia":[{"embeddable":true,"href":"https:\/\/acs.org.br\/academy\/wp-json\/wp\/v2\/media\/100239"}],"wp:attachment":[{"href":"https:\/\/acs.org.br\/academy\/wp-json\/wp\/v2\/media?parent=100238"}],"wp:term":[{"taxonomy":"category","embeddable":true,"href":"https:\/\/acs.org.br\/academy\/wp-json\/wp\/v2\/categories?post=100238"},{"taxonomy":"post_tag","embeddable":true,"href":"https:\/\/acs.org.br\/academy\/wp-json\/wp\/v2\/tags?post=100238"}],"curies":[{"name":"wp","href":"https:\/\/api.w.org\/{rel}","templated":true}]}}