{"id":100234,"date":"2021-09-24T11:29:22","date_gmt":"2021-09-24T14:29:22","guid":{"rendered":"https:\/\/acs.org.br\/antigo\/?p=100234"},"modified":"2021-09-24T11:51:46","modified_gmt":"2021-09-24T14:51:46","slug":"economia-ipca-15-previa-da-inflacao-acelera-para-114-em-setembro-maior-taxa-para-o-mes-desde-o-inicio-do-plano-real","status":"publish","type":"post","link":"https:\/\/acs.org.br\/academy\/economia-ipca-15-previa-da-inflacao-acelera-para-114-em-setembro-maior-taxa-para-o-mes-desde-o-inicio-do-plano-real\/","title":{"rendered":"ECONOMIA: IPCA-15: pr\u00e9via da infla\u00e7\u00e3o acelera para 1,14% em setembro, maior taxa para o m\u00eas desde o in\u00edcio do Plano Real"},"content":{"rendered":"<p>Fonte: G1<\/p>\n<p>O \u00cdndice Nacional de Pre\u00e7os ao Consumidor Amplo 15 (IPCA-15), que \u00e9 uma pr\u00e9via da infla\u00e7\u00e3o oficial do pa\u00eds, acelerou de 0,89% em agosto para 1,14% em setembro, apontam os dados divulgados nesta sexta-feira (24) pelo Instituto Brasileiro de Geografia e Estat\u00edstica (IBGE).<\/p>\n<p><a href=\"https:\/\/g1.globo.com\/economia\/noticia\/2021\/09\/24\/ipca-15-previa-da-inflacao-acelera-para-114percent-em-setembro-aponta-ibge.ghtml\">LEIA MAIS&#8230;<\/a><\/p>\n<p>&nbsp;<\/p>\n","protected":false},"excerpt":{"rendered":"<p>Fonte: G1 O \u00cdndice Nacional de Pre\u00e7os ao Consumidor Amplo 15 (IPCA-15), que \u00e9 uma pr\u00e9via da infla\u00e7\u00e3o oficial do pa\u00eds, acelerou de 0,89% em agosto para 1,14% em setembro, apontam os dados divulgados nesta sexta-feira (24) pelo Instituto Brasileiro de Geografia e Estat\u00edstica (IBGE). LEIA MAIS&#8230; &nbsp;<\/p>\n","protected":false},"author":3,"featured_media":0,"comment_status":"open","ping_status":"open","sticky":false,"template":"","format":"standard","meta":{"footnotes":""},"categories":[105],"tags":[],"_links":{"self":[{"href":"https:\/\/acs.org.br\/academy\/wp-json\/wp\/v2\/posts\/100234"}],"collection":[{"href":"https:\/\/acs.org.br\/academy\/wp-json\/wp\/v2\/posts"}],"about":[{"href":"https:\/\/acs.org.br\/academy\/wp-json\/wp\/v2\/types\/post"}],"author":[{"embeddable":true,"href":"https:\/\/acs.org.br\/academy\/wp-json\/wp\/v2\/users\/3"}],"replies":[{"embeddable":true,"href":"https:\/\/acs.org.br\/academy\/wp-json\/wp\/v2\/comments?post=100234"}],"version-history":[{"count":1,"href":"https:\/\/acs.org.br\/academy\/wp-json\/wp\/v2\/posts\/100234\/revisions"}],"predecessor-version":[{"id":100235,"href":"https:\/\/acs.org.br\/academy\/wp-json\/wp\/v2\/posts\/100234\/revisions\/100235"}],"wp:attachment":[{"href":"https:\/\/acs.org.br\/academy\/wp-json\/wp\/v2\/media?parent=100234"}],"wp:term":[{"taxonomy":"category","embeddable":true,"href":"https:\/\/acs.org.br\/academy\/wp-json\/wp\/v2\/categories?post=100234"},{"taxonomy":"post_tag","embeddable":true,"href":"https:\/\/acs.org.br\/academy\/wp-json\/wp\/v2\/tags?post=100234"}],"curies":[{"name":"wp","href":"https:\/\/api.w.org\/{rel}","templated":true}]}}