{"id":100229,"date":"2021-09-24T11:20:56","date_gmt":"2021-09-24T14:20:56","guid":{"rendered":"https:\/\/acs.org.br\/antigo\/?p=100229"},"modified":"2021-09-24T11:20:56","modified_gmt":"2021-09-24T14:20:56","slug":"porto-comissao-debate-modelo-ferroviario-do-porto-de-santos","status":"publish","type":"post","link":"https:\/\/acs.org.br\/academy\/porto-comissao-debate-modelo-ferroviario-do-porto-de-santos\/","title":{"rendered":"PORTO: Comiss\u00e3o debate modelo ferrovi\u00e1rio do Porto de Santos"},"content":{"rendered":"<p>Fonte: Ag\u00eancia Porto<\/p>\n<p>A Comiss\u00e3o de Via\u00e7\u00e3o e Transportes da C\u00e2mara dos Deputados promove audi\u00eancia p\u00fablica na segunda-feira (27) para discutir sobre o modelo ferrovi\u00e1rio da malha interna do Porto de Santos.<\/p>\n<p><a href=\"http:\/\/agenciaporto.com\/comissao-debate-modelo-ferroviario-do-porto-de-santos\/\">LEIA MAIS&#8230;<\/a><\/p>\n<p>&nbsp;<\/p>\n","protected":false},"excerpt":{"rendered":"<p>Fonte: Ag\u00eancia Porto A Comiss\u00e3o de Via\u00e7\u00e3o e Transportes da C\u00e2mara dos Deputados promove audi\u00eancia p\u00fablica na segunda-feira (27) para discutir sobre o modelo ferrovi\u00e1rio da malha interna do Porto de Santos. LEIA MAIS&#8230; &nbsp;<\/p>\n","protected":false},"author":3,"featured_media":0,"comment_status":"open","ping_status":"open","sticky":false,"template":"","format":"standard","meta":{"footnotes":""},"categories":[105],"tags":[],"_links":{"self":[{"href":"https:\/\/acs.org.br\/academy\/wp-json\/wp\/v2\/posts\/100229"}],"collection":[{"href":"https:\/\/acs.org.br\/academy\/wp-json\/wp\/v2\/posts"}],"about":[{"href":"https:\/\/acs.org.br\/academy\/wp-json\/wp\/v2\/types\/post"}],"author":[{"embeddable":true,"href":"https:\/\/acs.org.br\/academy\/wp-json\/wp\/v2\/users\/3"}],"replies":[{"embeddable":true,"href":"https:\/\/acs.org.br\/academy\/wp-json\/wp\/v2\/comments?post=100229"}],"version-history":[{"count":1,"href":"https:\/\/acs.org.br\/academy\/wp-json\/wp\/v2\/posts\/100229\/revisions"}],"predecessor-version":[{"id":100230,"href":"https:\/\/acs.org.br\/academy\/wp-json\/wp\/v2\/posts\/100229\/revisions\/100230"}],"wp:attachment":[{"href":"https:\/\/acs.org.br\/academy\/wp-json\/wp\/v2\/media?parent=100229"}],"wp:term":[{"taxonomy":"category","embeddable":true,"href":"https:\/\/acs.org.br\/academy\/wp-json\/wp\/v2\/categories?post=100229"},{"taxonomy":"post_tag","embeddable":true,"href":"https:\/\/acs.org.br\/academy\/wp-json\/wp\/v2\/tags?post=100229"}],"curies":[{"name":"wp","href":"https:\/\/api.w.org\/{rel}","templated":true}]}}