{"id":100216,"date":"2021-09-24T09:55:00","date_gmt":"2021-09-24T12:55:00","guid":{"rendered":"https:\/\/acs.org.br\/antigo\/?p=100216"},"modified":"2021-09-24T10:21:21","modified_gmt":"2021-09-24T13:21:21","slug":"porto-portaria-conjunta-vai-ampliar-as-comissoes-locais-de-facilitacao-do-comercio-para-todas-as-alfandegas-do-pais","status":"publish","type":"post","link":"https:\/\/acs.org.br\/academy\/porto-portaria-conjunta-vai-ampliar-as-comissoes-locais-de-facilitacao-do-comercio-para-todas-as-alfandegas-do-pais\/","title":{"rendered":"COM\u00c9RCIO EXTERIOR: Portaria conjunta vai ampliar as comiss\u00f5es locais de facilita\u00e7\u00e3o do com\u00e9rcio para todas as alf\u00e2ndegas do Pa\u00eds"},"content":{"rendered":"<p>Fonte: Informativo dos Portos<\/p>\n<p>A Receita Federal lan\u00e7a nesta sexta-feira, 24\/9, uma nova portaria, alterando as Comiss\u00f5es Locais de Facilita\u00e7\u00e3o de Com\u00e9rcio (Colfac), subcolegiados integrantes do Comit\u00ea Nacional de Facilita\u00e7\u00e3o do Com\u00e9rcio (Confac).<\/p>\n<p><a href=\"https:\/\/www.informativodosportos.com.br\/portaria-conjunta-vai-ampliar-as-comissoes-locais-de-facilitacao-do-comercio-para-todas-as-alfandegas-do-pais\/\">LEIA MAIS&#8230;<\/a><\/p>\n<p>&nbsp;<\/p>\n","protected":false},"excerpt":{"rendered":"<p>Fonte: Informativo dos Portos A Receita Federal lan\u00e7a nesta sexta-feira, 24\/9, uma nova portaria, alterando as Comiss\u00f5es Locais de Facilita\u00e7\u00e3o de Com\u00e9rcio (Colfac), subcolegiados integrantes do Comit\u00ea Nacional de Facilita\u00e7\u00e3o do Com\u00e9rcio (Confac). LEIA MAIS&#8230; &nbsp;<\/p>\n","protected":false},"author":3,"featured_media":100219,"comment_status":"open","ping_status":"open","sticky":false,"template":"","format":"standard","meta":{"footnotes":""},"categories":[105],"tags":[],"_links":{"self":[{"href":"https:\/\/acs.org.br\/academy\/wp-json\/wp\/v2\/posts\/100216"}],"collection":[{"href":"https:\/\/acs.org.br\/academy\/wp-json\/wp\/v2\/posts"}],"about":[{"href":"https:\/\/acs.org.br\/academy\/wp-json\/wp\/v2\/types\/post"}],"author":[{"embeddable":true,"href":"https:\/\/acs.org.br\/academy\/wp-json\/wp\/v2\/users\/3"}],"replies":[{"embeddable":true,"href":"https:\/\/acs.org.br\/academy\/wp-json\/wp\/v2\/comments?post=100216"}],"version-history":[{"count":2,"href":"https:\/\/acs.org.br\/academy\/wp-json\/wp\/v2\/posts\/100216\/revisions"}],"predecessor-version":[{"id":100218,"href":"https:\/\/acs.org.br\/academy\/wp-json\/wp\/v2\/posts\/100216\/revisions\/100218"}],"wp:featuredmedia":[{"embeddable":true,"href":"https:\/\/acs.org.br\/academy\/wp-json\/wp\/v2\/media\/100219"}],"wp:attachment":[{"href":"https:\/\/acs.org.br\/academy\/wp-json\/wp\/v2\/media?parent=100216"}],"wp:term":[{"taxonomy":"category","embeddable":true,"href":"https:\/\/acs.org.br\/academy\/wp-json\/wp\/v2\/categories?post=100216"},{"taxonomy":"post_tag","embeddable":true,"href":"https:\/\/acs.org.br\/academy\/wp-json\/wp\/v2\/tags?post=100216"}],"curies":[{"name":"wp","href":"https:\/\/api.w.org\/{rel}","templated":true}]}}