{"id":100213,"date":"2021-09-24T09:47:35","date_gmt":"2021-09-24T12:47:35","guid":{"rendered":"https:\/\/acs.org.br\/antigo\/?p=100213"},"modified":"2021-09-24T09:47:35","modified_gmt":"2021-09-24T12:47:35","slug":"atualidades-parque-no-emissario-reabre-em-2022","status":"publish","type":"post","link":"https:\/\/acs.org.br\/academy\/atualidades-parque-no-emissario-reabre-em-2022\/","title":{"rendered":"ATUALIDADES: Parque no Emiss\u00e1rio reabre em 2022"},"content":{"rendered":"<p>Fonte: A Tribuna<\/p>\n<p>At\u00e9 o final de 2022, a maior parte do Parque Municipal Roberto M\u00e1rio Santini, o Emiss\u00e1rio Submarino, no Jos\u00e9 Menino, em Santos, estar\u00e1 revitalizada e aberta ao p\u00fablico com novos equipamentos esportivos e de lazer. \u00c9 o que promete a Prefeitura.<\/p>\n<p><a href=\"https:\/\/acs.org.br\/antigo\/wp-content\/uploads\/2021\/09\/EMISSARIO-24.pdf\">LEIA MAIS&#8230;<\/a><\/p>\n","protected":false},"excerpt":{"rendered":"<p>Fonte: A Tribuna At\u00e9 o final de 2022, a maior parte do Parque Municipal Roberto M\u00e1rio Santini, o Emiss\u00e1rio Submarino, no Jos\u00e9 Menino, em Santos, estar\u00e1 revitalizada e aberta ao p\u00fablico com novos equipamentos esportivos e de lazer. \u00c9 o que promete a Prefeitura. LEIA MAIS&#8230;<\/p>\n","protected":false},"author":3,"featured_media":0,"comment_status":"open","ping_status":"open","sticky":false,"template":"","format":"standard","meta":{"footnotes":""},"categories":[105],"tags":[],"_links":{"self":[{"href":"https:\/\/acs.org.br\/academy\/wp-json\/wp\/v2\/posts\/100213"}],"collection":[{"href":"https:\/\/acs.org.br\/academy\/wp-json\/wp\/v2\/posts"}],"about":[{"href":"https:\/\/acs.org.br\/academy\/wp-json\/wp\/v2\/types\/post"}],"author":[{"embeddable":true,"href":"https:\/\/acs.org.br\/academy\/wp-json\/wp\/v2\/users\/3"}],"replies":[{"embeddable":true,"href":"https:\/\/acs.org.br\/academy\/wp-json\/wp\/v2\/comments?post=100213"}],"version-history":[{"count":1,"href":"https:\/\/acs.org.br\/academy\/wp-json\/wp\/v2\/posts\/100213\/revisions"}],"predecessor-version":[{"id":100215,"href":"https:\/\/acs.org.br\/academy\/wp-json\/wp\/v2\/posts\/100213\/revisions\/100215"}],"wp:attachment":[{"href":"https:\/\/acs.org.br\/academy\/wp-json\/wp\/v2\/media?parent=100213"}],"wp:term":[{"taxonomy":"category","embeddable":true,"href":"https:\/\/acs.org.br\/academy\/wp-json\/wp\/v2\/categories?post=100213"},{"taxonomy":"post_tag","embeddable":true,"href":"https:\/\/acs.org.br\/academy\/wp-json\/wp\/v2\/tags?post=100213"}],"curies":[{"name":"wp","href":"https:\/\/api.w.org\/{rel}","templated":true}]}}