{"id":100206,"date":"2021-09-23T10:56:51","date_gmt":"2021-09-23T13:56:51","guid":{"rendered":"https:\/\/acs.org.br\/antigo\/?p=100206"},"modified":"2021-09-23T10:56:51","modified_gmt":"2021-09-23T13:56:51","slug":"cafe-prejuizo-da-seca-e-maior-que-efeitos-da-geada-na-producao-de-cafe-em-2022-apontou-forum-cafe-e-clima-da-cooxupe","status":"publish","type":"post","link":"https:\/\/acs.org.br\/academy\/cafe-prejuizo-da-seca-e-maior-que-efeitos-da-geada-na-producao-de-cafe-em-2022-apontou-forum-cafe-e-clima-da-cooxupe\/","title":{"rendered":"CAF\u00c9: Preju\u00edzo da seca \u00e9 maior que efeitos da geada na produ\u00e7\u00e3o de caf\u00e9 em 2022, apontou F\u00f3rum Caf\u00e9 e Clima da Cooxup\u00e9"},"content":{"rendered":"<p>Fonte: Revista Cafeicultura<\/p>\n<p>As condi\u00e7\u00f5es clim\u00e1ticas e os impactos para a safa de caf\u00e9 em 2022 foram os temas centrais da 3\u00aa edi\u00e7\u00e3o do F\u00f3rum Caf\u00e9 e Clima da Cooxup\u00e9, realizado virtualmente na tarde dessa ter\u00e7a-feira, 21 de setembro. Entre os cen\u00e1rios tra\u00e7ados pelos especialistas convidados, est\u00e1 o impacto da crise h\u00eddrica. A seca deve pesar mais na produ\u00e7\u00e3o de caf\u00e9 para o pr\u00f3ximo ano do que as geadas.<\/p>\n<p><a href=\"https:\/\/revistacafeicultura.com.br\/index.php?tipo=ler&amp;mat=71073&amp;preju--zo-da-seca----maior-que-efeitos-da-geada-na-produ----o-de-caf---em-2022--apontou-f--rum-caf---e-clima-da-cooxup---.html\">LEIA MAIS&#8230;<\/a><\/p>\n<p>&nbsp;<\/p>\n","protected":false},"excerpt":{"rendered":"<p>Fonte: Revista Cafeicultura As condi\u00e7\u00f5es clim\u00e1ticas e os impactos para a safa de caf\u00e9 em 2022 foram os temas centrais da 3\u00aa edi\u00e7\u00e3o do F\u00f3rum Caf\u00e9 e Clima da Cooxup\u00e9, realizado virtualmente na tarde dessa ter\u00e7a-feira, 21 de setembro. Entre os cen\u00e1rios tra\u00e7ados pelos especialistas convidados, est\u00e1 o impacto da crise h\u00eddrica. A seca deve [&hellip;]<\/p>\n","protected":false},"author":3,"featured_media":0,"comment_status":"open","ping_status":"open","sticky":false,"template":"","format":"standard","meta":{"footnotes":""},"categories":[105],"tags":[],"_links":{"self":[{"href":"https:\/\/acs.org.br\/academy\/wp-json\/wp\/v2\/posts\/100206"}],"collection":[{"href":"https:\/\/acs.org.br\/academy\/wp-json\/wp\/v2\/posts"}],"about":[{"href":"https:\/\/acs.org.br\/academy\/wp-json\/wp\/v2\/types\/post"}],"author":[{"embeddable":true,"href":"https:\/\/acs.org.br\/academy\/wp-json\/wp\/v2\/users\/3"}],"replies":[{"embeddable":true,"href":"https:\/\/acs.org.br\/academy\/wp-json\/wp\/v2\/comments?post=100206"}],"version-history":[{"count":1,"href":"https:\/\/acs.org.br\/academy\/wp-json\/wp\/v2\/posts\/100206\/revisions"}],"predecessor-version":[{"id":100207,"href":"https:\/\/acs.org.br\/academy\/wp-json\/wp\/v2\/posts\/100206\/revisions\/100207"}],"wp:attachment":[{"href":"https:\/\/acs.org.br\/academy\/wp-json\/wp\/v2\/media?parent=100206"}],"wp:term":[{"taxonomy":"category","embeddable":true,"href":"https:\/\/acs.org.br\/academy\/wp-json\/wp\/v2\/categories?post=100206"},{"taxonomy":"post_tag","embeddable":true,"href":"https:\/\/acs.org.br\/academy\/wp-json\/wp\/v2\/tags?post=100206"}],"curies":[{"name":"wp","href":"https:\/\/api.w.org\/{rel}","templated":true}]}}