{"id":100201,"date":"2021-09-23T10:32:32","date_gmt":"2021-09-23T13:32:32","guid":{"rendered":"https:\/\/acs.org.br\/antigo\/?p=100201"},"modified":"2021-09-23T10:32:32","modified_gmt":"2021-09-23T13:32:32","slug":"porto-antaq-abre-consulta-publica-para-regulamentar-contratos-de-uso-temporario","status":"publish","type":"post","link":"https:\/\/acs.org.br\/academy\/porto-antaq-abre-consulta-publica-para-regulamentar-contratos-de-uso-temporario\/","title":{"rendered":"PORTO: ANTAQ abre consulta p\u00fablica para regulamentar contratos de uso tempor\u00e1rio"},"content":{"rendered":"<p>Fonte: Ag\u00eancia Porto<\/p>\n<p>A Ag\u00eancia Nacional de Transportes Aquavi\u00e1rios \u2013 ANTAQ abriu consulta\/audi\u00eancia p\u00fablica n\u00ba 19\/2021 visando a obten\u00e7\u00e3o de subs\u00eddios para o aprimoramento da proposta normativa voltada para regular a contrata\u00e7\u00e3o de uso tempor\u00e1rio de \u00e1reas e instala\u00e7\u00f5es portu\u00e1rias localizadas na poligonal de porto organizado, para movimenta\u00e7\u00e3o de cargas com mercado n\u00e3o consolidado.<\/p>\n<p><a href=\"http:\/\/agenciaporto.com\/antaq-abre-consulta-publica-para-regulamentar-contratos-de-uso-temporario\/\">LEIA MAIS&#8230;<\/a><\/p>\n<p>&nbsp;<\/p>\n","protected":false},"excerpt":{"rendered":"<p>Fonte: Ag\u00eancia Porto A Ag\u00eancia Nacional de Transportes Aquavi\u00e1rios \u2013 ANTAQ abriu consulta\/audi\u00eancia p\u00fablica n\u00ba 19\/2021 visando a obten\u00e7\u00e3o de subs\u00eddios para o aprimoramento da proposta normativa voltada para regular a contrata\u00e7\u00e3o de uso tempor\u00e1rio de \u00e1reas e instala\u00e7\u00f5es portu\u00e1rias localizadas na poligonal de porto organizado, para movimenta\u00e7\u00e3o de cargas com mercado n\u00e3o consolidado. LEIA [&hellip;]<\/p>\n","protected":false},"author":3,"featured_media":0,"comment_status":"open","ping_status":"open","sticky":false,"template":"","format":"standard","meta":{"footnotes":""},"categories":[105],"tags":[],"_links":{"self":[{"href":"https:\/\/acs.org.br\/academy\/wp-json\/wp\/v2\/posts\/100201"}],"collection":[{"href":"https:\/\/acs.org.br\/academy\/wp-json\/wp\/v2\/posts"}],"about":[{"href":"https:\/\/acs.org.br\/academy\/wp-json\/wp\/v2\/types\/post"}],"author":[{"embeddable":true,"href":"https:\/\/acs.org.br\/academy\/wp-json\/wp\/v2\/users\/3"}],"replies":[{"embeddable":true,"href":"https:\/\/acs.org.br\/academy\/wp-json\/wp\/v2\/comments?post=100201"}],"version-history":[{"count":1,"href":"https:\/\/acs.org.br\/academy\/wp-json\/wp\/v2\/posts\/100201\/revisions"}],"predecessor-version":[{"id":100202,"href":"https:\/\/acs.org.br\/academy\/wp-json\/wp\/v2\/posts\/100201\/revisions\/100202"}],"wp:attachment":[{"href":"https:\/\/acs.org.br\/academy\/wp-json\/wp\/v2\/media?parent=100201"}],"wp:term":[{"taxonomy":"category","embeddable":true,"href":"https:\/\/acs.org.br\/academy\/wp-json\/wp\/v2\/categories?post=100201"},{"taxonomy":"post_tag","embeddable":true,"href":"https:\/\/acs.org.br\/academy\/wp-json\/wp\/v2\/tags?post=100201"}],"curies":[{"name":"wp","href":"https:\/\/api.w.org\/{rel}","templated":true}]}}