{"id":100195,"date":"2021-09-23T10:13:21","date_gmt":"2021-09-23T13:13:21","guid":{"rendered":"https:\/\/acs.org.br\/antigo\/?p=100195"},"modified":"2021-09-23T10:13:21","modified_gmt":"2021-09-23T13:13:21","slug":"economia-efeito-pandemia-baixo-consumo-derruba-precos-de-servicos-mesmo-com-escalada-da-inflacao-veja-itens-que-mais-cairam","status":"publish","type":"post","link":"https:\/\/acs.org.br\/academy\/economia-efeito-pandemia-baixo-consumo-derruba-precos-de-servicos-mesmo-com-escalada-da-inflacao-veja-itens-que-mais-cairam\/","title":{"rendered":"ECONOMIA: Efeito pandemia: baixo consumo derruba pre\u00e7os de servi\u00e7os mesmo com escalada da infla\u00e7\u00e3o; veja itens que mais ca\u00edram"},"content":{"rendered":"<p>Fonte: G1<\/p>\n<p>Enquanto os brasileiros veem disparar, cada vez mais, os pre\u00e7os de itens b\u00e1sicos de consumo, alguns servi\u00e7os diretamente impactados pela pandemia andam na contram\u00e3o da infla\u00e7\u00e3o. Diante da baixa demanda, eles registram defla\u00e7\u00e3o no ano, ainda que pressionados pela gasolina, vil\u00e3 da mais recente alta generalizada de pre\u00e7os no pa\u00eds.<\/p>\n<p><a href=\"https:\/\/g1.globo.com\/economia\/noticia\/2021\/09\/23\/efeito-pandemia-baixo-consumo-derruba-precos-de-servicos-mesmo-com-escalada-da-inflacao-veja-itens-que-mais-cairam.ghtml\">LEIA MAIS&#8230;<\/a><\/p>\n<p>&nbsp;<\/p>\n","protected":false},"excerpt":{"rendered":"<p>Fonte: G1 Enquanto os brasileiros veem disparar, cada vez mais, os pre\u00e7os de itens b\u00e1sicos de consumo, alguns servi\u00e7os diretamente impactados pela pandemia andam na contram\u00e3o da infla\u00e7\u00e3o. Diante da baixa demanda, eles registram defla\u00e7\u00e3o no ano, ainda que pressionados pela gasolina, vil\u00e3 da mais recente alta generalizada de pre\u00e7os no pa\u00eds. LEIA MAIS&#8230; &nbsp;<\/p>\n","protected":false},"author":3,"featured_media":100196,"comment_status":"open","ping_status":"open","sticky":false,"template":"","format":"standard","meta":{"footnotes":""},"categories":[105],"tags":[],"_links":{"self":[{"href":"https:\/\/acs.org.br\/academy\/wp-json\/wp\/v2\/posts\/100195"}],"collection":[{"href":"https:\/\/acs.org.br\/academy\/wp-json\/wp\/v2\/posts"}],"about":[{"href":"https:\/\/acs.org.br\/academy\/wp-json\/wp\/v2\/types\/post"}],"author":[{"embeddable":true,"href":"https:\/\/acs.org.br\/academy\/wp-json\/wp\/v2\/users\/3"}],"replies":[{"embeddable":true,"href":"https:\/\/acs.org.br\/academy\/wp-json\/wp\/v2\/comments?post=100195"}],"version-history":[{"count":1,"href":"https:\/\/acs.org.br\/academy\/wp-json\/wp\/v2\/posts\/100195\/revisions"}],"predecessor-version":[{"id":100197,"href":"https:\/\/acs.org.br\/academy\/wp-json\/wp\/v2\/posts\/100195\/revisions\/100197"}],"wp:featuredmedia":[{"embeddable":true,"href":"https:\/\/acs.org.br\/academy\/wp-json\/wp\/v2\/media\/100196"}],"wp:attachment":[{"href":"https:\/\/acs.org.br\/academy\/wp-json\/wp\/v2\/media?parent=100195"}],"wp:term":[{"taxonomy":"category","embeddable":true,"href":"https:\/\/acs.org.br\/academy\/wp-json\/wp\/v2\/categories?post=100195"},{"taxonomy":"post_tag","embeddable":true,"href":"https:\/\/acs.org.br\/academy\/wp-json\/wp\/v2\/tags?post=100195"}],"curies":[{"name":"wp","href":"https:\/\/api.w.org\/{rel}","templated":true}]}}