{"id":100187,"date":"2021-09-23T10:04:36","date_gmt":"2021-09-23T13:04:36","guid":{"rendered":"https:\/\/acs.org.br\/antigo\/?p=100187"},"modified":"2021-09-23T10:07:34","modified_gmt":"2021-09-23T13:07:34","slug":"economia-copom-eleva-selic-a-625-e-sinaliza-nova-alta-de-1-ponto","status":"publish","type":"post","link":"https:\/\/acs.org.br\/academy\/economia-copom-eleva-selic-a-625-e-sinaliza-nova-alta-de-1-ponto\/","title":{"rendered":"ECONOMIA: Copom eleva Selic a 6,25% e sinaliza nova alta de 1 ponto"},"content":{"rendered":"<p>Fonte: Valor Econ\u00f4mico<\/p>\n<p>O Comit\u00ea de Pol\u00edtica Monet\u00e1ria (Copom) do Banco Central elevou ontem a taxa b\u00e1sica de juros de 5,25% ao ano para 6,25% ao ano e sinalizou que far\u00e1 novo ajuste de 1 ponto percentual na pr\u00f3xima reuni\u00e3o. Para o colegiado, \u00e9 necess\u00e1rio continuar avan\u00e7ando no \u201cterrit\u00f3rio contracionista\u201d, ou seja, aumentar a Selic para esfriar a economia e controlar a infla\u00e7\u00e3o.<\/p>\n<p><a href=\"https:\/\/acs.org.br\/antigo\/wp-content\/uploads\/2021\/09\/SELIC-23.pdf\">LEIA MAIS&#8230;<\/a><\/p>\n","protected":false},"excerpt":{"rendered":"<p>Fonte: Valor Econ\u00f4mico O Comit\u00ea de Pol\u00edtica Monet\u00e1ria (Copom) do Banco Central elevou ontem a taxa b\u00e1sica de juros de 5,25% ao ano para 6,25% ao ano e sinalizou que far\u00e1 novo ajuste de 1 ponto percentual na pr\u00f3xima reuni\u00e3o. Para o colegiado, \u00e9 necess\u00e1rio continuar avan\u00e7ando no \u201cterrit\u00f3rio contracionista\u201d, ou seja, aumentar a Selic [&hellip;]<\/p>\n","protected":false},"author":3,"featured_media":100191,"comment_status":"open","ping_status":"open","sticky":false,"template":"","format":"standard","meta":{"footnotes":""},"categories":[105],"tags":[],"_links":{"self":[{"href":"https:\/\/acs.org.br\/academy\/wp-json\/wp\/v2\/posts\/100187"}],"collection":[{"href":"https:\/\/acs.org.br\/academy\/wp-json\/wp\/v2\/posts"}],"about":[{"href":"https:\/\/acs.org.br\/academy\/wp-json\/wp\/v2\/types\/post"}],"author":[{"embeddable":true,"href":"https:\/\/acs.org.br\/academy\/wp-json\/wp\/v2\/users\/3"}],"replies":[{"embeddable":true,"href":"https:\/\/acs.org.br\/academy\/wp-json\/wp\/v2\/comments?post=100187"}],"version-history":[{"count":1,"href":"https:\/\/acs.org.br\/academy\/wp-json\/wp\/v2\/posts\/100187\/revisions"}],"predecessor-version":[{"id":100189,"href":"https:\/\/acs.org.br\/academy\/wp-json\/wp\/v2\/posts\/100187\/revisions\/100189"}],"wp:featuredmedia":[{"embeddable":true,"href":"https:\/\/acs.org.br\/academy\/wp-json\/wp\/v2\/media\/100191"}],"wp:attachment":[{"href":"https:\/\/acs.org.br\/academy\/wp-json\/wp\/v2\/media?parent=100187"}],"wp:term":[{"taxonomy":"category","embeddable":true,"href":"https:\/\/acs.org.br\/academy\/wp-json\/wp\/v2\/categories?post=100187"},{"taxonomy":"post_tag","embeddable":true,"href":"https:\/\/acs.org.br\/academy\/wp-json\/wp\/v2\/tags?post=100187"}],"curies":[{"name":"wp","href":"https:\/\/api.w.org\/{rel}","templated":true}]}}