{"id":100159,"date":"2021-09-22T16:53:47","date_gmt":"2021-09-22T19:53:47","guid":{"rendered":"https:\/\/acs.org.br\/antigo\/?p=100159"},"modified":"2021-09-22T16:53:47","modified_gmt":"2021-09-22T19:53:47","slug":"navegacao-antaq-realizara-audiencia-virtual-sobre-extrafrete-e-sobretaxas-do-transporte-maritimo","status":"publish","type":"post","link":"https:\/\/acs.org.br\/academy\/navegacao-antaq-realizara-audiencia-virtual-sobre-extrafrete-e-sobretaxas-do-transporte-maritimo\/","title":{"rendered":"NAVEGA\u00c7\u00c3O: ANTAQ realizar\u00e1 audi\u00eancia virtual sobre extrafrete e sobretaxas do transporte mar\u00edtimo"},"content":{"rendered":"<p>Fonte: Ag\u00eancia Porto<\/p>\n<p>A ANTAQ realizar\u00e1, em 27 de setembro, a partir das 15h, audi\u00eancia virtual sobre o Tema 2.3 da Agenda Regulat\u00f3ria Bi\u00eanio 2020\/2021 \u2013 Aprimorar a transpar\u00eancia na cobran\u00e7a dos valores extrafrete e sobretaxas do transporte mar\u00edtimo. Trata-se da Audi\u00eancia P\u00fablica n\u00ba 16\/2021.<\/p>\n<p><a href=\"http:\/\/agenciaporto.com\/antaq-realizara-audiencia-virtual-sobre-extrafrete-e-sobretaxas-do-transporte-maritimo\/\">LEIA MAIS&#8230;<\/a><\/p>\n<p>&nbsp;<\/p>\n","protected":false},"excerpt":{"rendered":"<p>Fonte: Ag\u00eancia Porto A ANTAQ realizar\u00e1, em 27 de setembro, a partir das 15h, audi\u00eancia virtual sobre o Tema 2.3 da Agenda Regulat\u00f3ria Bi\u00eanio 2020\/2021 \u2013 Aprimorar a transpar\u00eancia na cobran\u00e7a dos valores extrafrete e sobretaxas do transporte mar\u00edtimo. Trata-se da Audi\u00eancia P\u00fablica n\u00ba 16\/2021. LEIA MAIS&#8230; &nbsp;<\/p>\n","protected":false},"author":3,"featured_media":0,"comment_status":"open","ping_status":"open","sticky":false,"template":"","format":"standard","meta":{"footnotes":""},"categories":[105],"tags":[],"_links":{"self":[{"href":"https:\/\/acs.org.br\/academy\/wp-json\/wp\/v2\/posts\/100159"}],"collection":[{"href":"https:\/\/acs.org.br\/academy\/wp-json\/wp\/v2\/posts"}],"about":[{"href":"https:\/\/acs.org.br\/academy\/wp-json\/wp\/v2\/types\/post"}],"author":[{"embeddable":true,"href":"https:\/\/acs.org.br\/academy\/wp-json\/wp\/v2\/users\/3"}],"replies":[{"embeddable":true,"href":"https:\/\/acs.org.br\/academy\/wp-json\/wp\/v2\/comments?post=100159"}],"version-history":[{"count":1,"href":"https:\/\/acs.org.br\/academy\/wp-json\/wp\/v2\/posts\/100159\/revisions"}],"predecessor-version":[{"id":100160,"href":"https:\/\/acs.org.br\/academy\/wp-json\/wp\/v2\/posts\/100159\/revisions\/100160"}],"wp:attachment":[{"href":"https:\/\/acs.org.br\/academy\/wp-json\/wp\/v2\/media?parent=100159"}],"wp:term":[{"taxonomy":"category","embeddable":true,"href":"https:\/\/acs.org.br\/academy\/wp-json\/wp\/v2\/categories?post=100159"},{"taxonomy":"post_tag","embeddable":true,"href":"https:\/\/acs.org.br\/academy\/wp-json\/wp\/v2\/tags?post=100159"}],"curies":[{"name":"wp","href":"https:\/\/api.w.org\/{rel}","templated":true}]}}