{"id":100149,"date":"2021-09-22T16:32:21","date_gmt":"2021-09-22T19:32:21","guid":{"rendered":"https:\/\/acs.org.br\/antigo\/?p=100149"},"modified":"2021-09-22T16:32:21","modified_gmt":"2021-09-22T19:32:21","slug":"saude-governo-de-sp-antecipa-de-12-para-8-semanas-aplicacao-da-segunda-dose-da-pfizer","status":"publish","type":"post","link":"https:\/\/acs.org.br\/academy\/saude-governo-de-sp-antecipa-de-12-para-8-semanas-aplicacao-da-segunda-dose-da-pfizer\/","title":{"rendered":"SA\u00daDE: Governo de SP antecipa de 12 para 8 semanas aplica\u00e7\u00e3o da segunda dose da Pfizer"},"content":{"rendered":"<p>Fonte: Santa Portal<\/p>\n<p>O governador Jo\u00e3o Doria anunciou nesta quarta-feira (22) a antecipa\u00e7\u00e3o de 12 para 8 semanas o intervalo de aplica\u00e7\u00e3o da segunda dose da vacina contra covid-19 da Pfizer.<\/p>\n<p><a href=\"https:\/\/santaportal.com.br\/geral\/governo-de-sp-antecipa-de-12-para-8-semanas-aplicacao-da-segunda-dose-da-pfizer\/\">LEIA MAIS&#8230;<\/a><\/p>\n","protected":false},"excerpt":{"rendered":"<p>Fonte: Santa Portal O governador Jo\u00e3o Doria anunciou nesta quarta-feira (22) a antecipa\u00e7\u00e3o de 12 para 8 semanas o intervalo de aplica\u00e7\u00e3o da segunda dose da vacina contra covid-19 da Pfizer. LEIA MAIS&#8230;<\/p>\n","protected":false},"author":3,"featured_media":0,"comment_status":"open","ping_status":"open","sticky":false,"template":"","format":"standard","meta":{"footnotes":""},"categories":[105],"tags":[],"_links":{"self":[{"href":"https:\/\/acs.org.br\/academy\/wp-json\/wp\/v2\/posts\/100149"}],"collection":[{"href":"https:\/\/acs.org.br\/academy\/wp-json\/wp\/v2\/posts"}],"about":[{"href":"https:\/\/acs.org.br\/academy\/wp-json\/wp\/v2\/types\/post"}],"author":[{"embeddable":true,"href":"https:\/\/acs.org.br\/academy\/wp-json\/wp\/v2\/users\/3"}],"replies":[{"embeddable":true,"href":"https:\/\/acs.org.br\/academy\/wp-json\/wp\/v2\/comments?post=100149"}],"version-history":[{"count":1,"href":"https:\/\/acs.org.br\/academy\/wp-json\/wp\/v2\/posts\/100149\/revisions"}],"predecessor-version":[{"id":100150,"href":"https:\/\/acs.org.br\/academy\/wp-json\/wp\/v2\/posts\/100149\/revisions\/100150"}],"wp:attachment":[{"href":"https:\/\/acs.org.br\/academy\/wp-json\/wp\/v2\/media?parent=100149"}],"wp:term":[{"taxonomy":"category","embeddable":true,"href":"https:\/\/acs.org.br\/academy\/wp-json\/wp\/v2\/categories?post=100149"},{"taxonomy":"post_tag","embeddable":true,"href":"https:\/\/acs.org.br\/academy\/wp-json\/wp\/v2\/tags?post=100149"}],"curies":[{"name":"wp","href":"https:\/\/api.w.org\/{rel}","templated":true}]}}