{"id":100116,"date":"2021-09-22T16:10:59","date_gmt":"2021-09-22T19:10:59","guid":{"rendered":"https:\/\/acs.org.br\/antigo\/?p=100116"},"modified":"2021-09-22T16:24:59","modified_gmt":"2021-09-22T19:24:59","slug":"atualidades-projeto-preve-parque-tecnologico-mais-agil","status":"publish","type":"post","link":"https:\/\/acs.org.br\/academy\/atualidades-projeto-preve-parque-tecnologico-mais-agil\/","title":{"rendered":"ATUALIDADES: Projeto prev\u00ea Parque Tecnol\u00f3gico mais \u00e1gil"},"content":{"rendered":"<p>Fonte: A Tribuna<\/p>\n<p>Um Parque Tecnol\u00f3gico aberto para atender as demandas de empresas de Santos, principalmente as relacionadas ao Porto: \u00e9 o que defende um projeto de lei complementar do presidente da C\u00e2mara, Adilson Junior (PP).<\/p>\n<p><a href=\"https:\/\/acs.org.br\/antigo\/wp-content\/uploads\/2021\/09\/FPTS-22-copia.pdf\">LEIA MAIS&#8230;<\/a><\/p>\n","protected":false},"excerpt":{"rendered":"<p>Fonte: A Tribuna Um Parque Tecnol\u00f3gico aberto para atender as demandas de empresas de Santos, principalmente as relacionadas ao Porto: \u00e9 o que defende um projeto de lei complementar do presidente da C\u00e2mara, Adilson Junior (PP). LEIA MAIS&#8230;<\/p>\n","protected":false},"author":3,"featured_media":100141,"comment_status":"open","ping_status":"open","sticky":false,"template":"","format":"standard","meta":{"footnotes":""},"categories":[105],"tags":[],"_links":{"self":[{"href":"https:\/\/acs.org.br\/academy\/wp-json\/wp\/v2\/posts\/100116"}],"collection":[{"href":"https:\/\/acs.org.br\/academy\/wp-json\/wp\/v2\/posts"}],"about":[{"href":"https:\/\/acs.org.br\/academy\/wp-json\/wp\/v2\/types\/post"}],"author":[{"embeddable":true,"href":"https:\/\/acs.org.br\/academy\/wp-json\/wp\/v2\/users\/3"}],"replies":[{"embeddable":true,"href":"https:\/\/acs.org.br\/academy\/wp-json\/wp\/v2\/comments?post=100116"}],"version-history":[{"count":3,"href":"https:\/\/acs.org.br\/academy\/wp-json\/wp\/v2\/posts\/100116\/revisions"}],"predecessor-version":[{"id":100146,"href":"https:\/\/acs.org.br\/academy\/wp-json\/wp\/v2\/posts\/100116\/revisions\/100146"}],"wp:featuredmedia":[{"embeddable":true,"href":"https:\/\/acs.org.br\/academy\/wp-json\/wp\/v2\/media\/100141"}],"wp:attachment":[{"href":"https:\/\/acs.org.br\/academy\/wp-json\/wp\/v2\/media?parent=100116"}],"wp:term":[{"taxonomy":"category","embeddable":true,"href":"https:\/\/acs.org.br\/academy\/wp-json\/wp\/v2\/categories?post=100116"},{"taxonomy":"post_tag","embeddable":true,"href":"https:\/\/acs.org.br\/academy\/wp-json\/wp\/v2\/tags?post=100116"}],"curies":[{"name":"wp","href":"https:\/\/api.w.org\/{rel}","templated":true}]}}