{"id":100111,"date":"2021-09-22T14:49:55","date_gmt":"2021-09-22T17:49:55","guid":{"rendered":"https:\/\/acs.org.br\/antigo\/?p=100111"},"modified":"2021-09-22T14:49:55","modified_gmt":"2021-09-22T17:49:55","slug":"porto-arrendatario-tera-palavra-final-diz-diogo-piloni","status":"publish","type":"post","link":"https:\/\/acs.org.br\/academy\/porto-arrendatario-tera-palavra-final-diz-diogo-piloni\/","title":{"rendered":"PORTO: Arrendat\u00e1rio ter\u00e1 palavra final, diz Diogo Piloni"},"content":{"rendered":"<p>Fonte: A Tribuna<\/p>\n<p>O modelo de desestatiza\u00e7\u00e3o estudado para o Porto de Santos prev\u00ea que o arrendat\u00e1rio d\u00ea a palavra final nos processos de adapta\u00e7\u00e3o ou altera\u00e7\u00e3o dos contratos de arrendamento, ao pass\u00e1-los do direito p\u00fablico para o direito privado, quando a iniciativa privada assumir a gest\u00e3o portu\u00e1ria.<\/p>\n<p><a href=\"https:\/\/acs.org.br\/antigo\/wp-content\/uploads\/2021\/09\/PILONI-22-copia.pdf\">LEIA MAIS&#8230;<\/a><\/p>\n","protected":false},"excerpt":{"rendered":"<p>Fonte: A Tribuna O modelo de desestatiza\u00e7\u00e3o estudado para o Porto de Santos prev\u00ea que o arrendat\u00e1rio d\u00ea a palavra final nos processos de adapta\u00e7\u00e3o ou altera\u00e7\u00e3o dos contratos de arrendamento, ao pass\u00e1-los do direito p\u00fablico para o direito privado, quando a iniciativa privada assumir a gest\u00e3o portu\u00e1ria. LEIA MAIS&#8230;<\/p>\n","protected":false},"author":3,"featured_media":0,"comment_status":"open","ping_status":"open","sticky":false,"template":"","format":"standard","meta":{"footnotes":""},"categories":[105],"tags":[],"_links":{"self":[{"href":"https:\/\/acs.org.br\/academy\/wp-json\/wp\/v2\/posts\/100111"}],"collection":[{"href":"https:\/\/acs.org.br\/academy\/wp-json\/wp\/v2\/posts"}],"about":[{"href":"https:\/\/acs.org.br\/academy\/wp-json\/wp\/v2\/types\/post"}],"author":[{"embeddable":true,"href":"https:\/\/acs.org.br\/academy\/wp-json\/wp\/v2\/users\/3"}],"replies":[{"embeddable":true,"href":"https:\/\/acs.org.br\/academy\/wp-json\/wp\/v2\/comments?post=100111"}],"version-history":[{"count":1,"href":"https:\/\/acs.org.br\/academy\/wp-json\/wp\/v2\/posts\/100111\/revisions"}],"predecessor-version":[{"id":100113,"href":"https:\/\/acs.org.br\/academy\/wp-json\/wp\/v2\/posts\/100111\/revisions\/100113"}],"wp:attachment":[{"href":"https:\/\/acs.org.br\/academy\/wp-json\/wp\/v2\/media?parent=100111"}],"wp:term":[{"taxonomy":"category","embeddable":true,"href":"https:\/\/acs.org.br\/academy\/wp-json\/wp\/v2\/categories?post=100111"},{"taxonomy":"post_tag","embeddable":true,"href":"https:\/\/acs.org.br\/academy\/wp-json\/wp\/v2\/tags?post=100111"}],"curies":[{"name":"wp","href":"https:\/\/api.w.org\/{rel}","templated":true}]}}